{"id":12625,"date":"2024-09-05T16:17:28","date_gmt":"2024-09-05T13:17:28","guid":{"rendered":"https:\/\/medlook.com.tr\/?p=12625"},"modified":"2025-12-12T22:52:31","modified_gmt":"2025-12-12T19:52:31","slug":"lassombrissement-des-aisselles-causes-et-solutions","status":"publish","type":"post","link":"https:\/\/medlook.com.tr\/fr\/koltuk-alti-kararmasi-nedenleri-cozum-yollari\/","title":{"rendered":"Assombrissement des aisselles : Causes et solutions efficaces"},"content":{"rendered":"\t\t<div data-elementor-type=\"wp-post\" data-elementor-id=\"12625\" class=\"elementor elementor-12625\" data-elementor-post-type=\"post\">\n\t\t\t\t\t\t<section class=\"elementor-section elementor-top-section elementor-element elementor-element-55627e8 elementor-section-boxed elementor-section-height-default elementor-section-height-default\" data-id=\"55627e8\" data-element_type=\"section\" data-e-type=\"section\" data-settings=\"{&quot;ekit_has_onepagescroll_dot&quot;:&quot;yes&quot;}\">\n\t\t\t\t\t\t<div class=\"elementor-container elementor-column-gap-default\">\n\t\t\t\t\t<div class=\"elementor-column elementor-col-100 elementor-top-column elementor-element elementor-element-37126eb\" data-id=\"37126eb\" data-element_type=\"column\" data-e-type=\"column\">\n\t\t\t<div class=\"elementor-widget-wrap elementor-element-populated\">\n\t\t\t\t\t\t<div class=\"elementor-element elementor-element-ccc3aa1 elementor-widget elementor-widget-image\" data-id=\"ccc3aa1\" data-element_type=\"widget\" data-e-type=\"widget\" data-settings=\"{&quot;ekit_we_effect_on&quot;:&quot;none&quot;}\" data-widget_type=\"image.default\">\n\t\t\t\t\t\t\t\t\t\t\t\t\t\t\t<img fetchpriority=\"high\" decoding=\"async\" width=\"800\" height=\"534\" src=\"https:\/\/medlook.com.tr\/wp-content\/uploads\/2024\/09\/Koltuk-Alti-Kararmasi-Nedenleri-ve-Etkili-Cozum-Yollari.webp\" class=\"attachment-large size-large wp-image-12626\" alt=\"\" srcset=\"https:\/\/medlook.com.tr\/wp-content\/uploads\/2024\/09\/Koltuk-Alti-Kararmasi-Nedenleri-ve-Etkili-Cozum-Yollari.webp 1000w, https:\/\/medlook.com.tr\/wp-content\/uploads\/2024\/09\/Koltuk-Alti-Kararmasi-Nedenleri-ve-Etkili-Cozum-Yollari-300x200.webp 300w, https:\/\/medlook.com.tr\/wp-content\/uploads\/2024\/09\/Koltuk-Alti-Kararmasi-Nedenleri-ve-Etkili-Cozum-Yollari-768x512.webp 768w\" sizes=\"(max-width: 800px) 100vw, 800px\" loading=\"eager\" title=\"\">\t\t\t\t\t\t\t\t\t\t\t\t\t\t\t<\/div>\n\t\t\t\t<div class=\"elementor-element elementor-element-93a8cc4 elementor-widget elementor-widget-text-editor\" data-id=\"93a8cc4\" data-element_type=\"widget\" data-e-type=\"widget\" data-settings=\"{&quot;ekit_we_effect_on&quot;:&quot;none&quot;}\" data-widget_type=\"text-editor.default\">\n\t\t\t\t\t\t\t\t\t<p><span data-contrast=\"auto\">Koltuk alt\u0131 kararmas\u0131, bir\u00e7ok insan\u0131n kar\u015f\u0131la\u015ft\u0131\u011f\u0131 ve \u00f6zg\u00fcvenlerini etkileyebilen yayg\u0131n bir cilt sorunudur. \u00d6zellikle yaz aylar\u0131nda, a\u00e7\u0131k renkli k\u0131yafetler giymeyi zorla\u015ft\u0131rabilir ve sosyal ortamlarda rahats\u0131zl\u0131k hissettirebilir. Neyse ki, alt\u0131nda yatan nedenler anla\u015f\u0131ld\u0131\u011f\u0131nda ve uygun \u00f6nlemler al\u0131nd\u0131\u011f\u0131nda, bu sorunla ba\u015fa \u00e7\u0131kmak m\u00fcmk\u00fcnd\u00fcr.<\/span><span data-ccp-props=\"{&quot;134233117&quot;:false,&quot;134233118&quot;:false,&quot;201341983&quot;:0,&quot;335559738&quot;:240,&quot;335559739&quot;:240,&quot;335559740&quot;:279}\">\u00a0<\/span><\/p><div id=\"ez-toc-container\" class=\"ez-toc-v2_0_82_2 counter-hierarchy ez-toc-counter ez-toc-light-blue ez-toc-container-direction\">\n<div class=\"ez-toc-title-container\">\n<p class=\"ez-toc-title\" style=\"cursor:inherit\">\u00d6ne \u00c7\u0131kan Ba\u015fl\u0131klar<\/p>\n<span class=\"ez-toc-title-toggle\"><a href=\"#\" class=\"ez-toc-pull-right ez-toc-btn ez-toc-btn-xs ez-toc-btn-default ez-toc-toggle\" aria-label=\"Toggle Table of Content\"><span class=\"ez-toc-js-icon-con\"><span class=\"\"><span class=\"eztoc-hide\" style=\"display:none;\">Toggle<\/span><span class=\"ez-toc-icon-toggle-span\"><svg style=\"fill: #999;color:#999\" xmlns=\"http:\/\/www.w3.org\/2000\/svg\" class=\"list-377408\" width=\"20px\" height=\"20px\" viewBox=\"0 0 24 24\" fill=\"none\"><path d=\"M6 6H4v2h2V6zm14 0H8v2h12V6zM4 11h2v2H4v-2zm16 0H8v2h12v-2zM4 16h2v2H4v-2zm16 0H8v2h12v-2z\" fill=\"currentColor\"><\/path><\/svg><svg style=\"fill: #999;color:#999\" class=\"arrow-unsorted-368013\" xmlns=\"http:\/\/www.w3.org\/2000\/svg\" width=\"10px\" height=\"10px\" viewBox=\"0 0 24 24\" version=\"1.2\" baseProfile=\"tiny\"><path d=\"M18.2 9.3l-6.2-6.3-6.2 6.3c-.2.2-.3.4-.3.7s.1.5.3.7c.2.2.4.3.7.3h11c.3 0 .5-.1.7-.3.2-.2.3-.5.3-.7s-.1-.5-.3-.7zM5.8 14.7l6.2 6.3 6.2-6.3c.2-.2.3-.5.3-.7s-.1-.5-.3-.7c-.2-.2-.4-.3-.7-.3h-11c-.3 0-.5.1-.7.3-.2.2-.3.5-.3.7s.1.5.3.7z\"\/><\/svg><\/span><\/span><\/span><\/a><\/span><\/div>\n<nav><ul class='ez-toc-list ez-toc-list-level-1 ' ><li class='ez-toc-page-1 ez-toc-heading-level-2'><a class=\"ez-toc-link ez-toc-heading-1\" href=\"https:\/\/medlook.com.tr\/fr\/koltuk-alti-kararmasi-nedenleri-cozum-yollari\/#Koltuk_Alti_Kararmasi_Nedir\" >Koltuk Alt\u0131 Kararmas\u0131 Nedir?<\/a><ul class='ez-toc-list-level-3' ><li class='ez-toc-heading-level-3'><a class=\"ez-toc-link ez-toc-heading-2\" href=\"https:\/\/medlook.com.tr\/fr\/koltuk-alti-kararmasi-nedenleri-cozum-yollari\/#Gorunumu\" >G\u00f6r\u00fcn\u00fcm\u00fc<\/a><\/li><li class='ez-toc-page-1 ez-toc-heading-level-3'><a class=\"ez-toc-link ez-toc-heading-3\" href=\"https:\/\/medlook.com.tr\/fr\/koltuk-alti-kararmasi-nedenleri-cozum-yollari\/#Belirtileri\" >Belirtileri\u00a0<\/a><\/li><li class='ez-toc-page-1 ez-toc-heading-level-3'><a class=\"ez-toc-link ez-toc-heading-4\" href=\"https:\/\/medlook.com.tr\/fr\/koltuk-alti-kararmasi-nedenleri-cozum-yollari\/#Psikolojik_Etkileri\" >Psikolojik Etkileri\u00a0<\/a><\/li><\/ul><\/li><li class='ez-toc-page-1 ez-toc-heading-level-2'><a class=\"ez-toc-link ez-toc-heading-5\" href=\"https:\/\/medlook.com.tr\/fr\/koltuk-alti-kararmasi-nedenleri-cozum-yollari\/#Koltuk_Alti_Neden_Kararir\" >Koltuk Alt\u0131 Neden Karar\u0131r?<\/a><\/li><li class='ez-toc-page-1 ez-toc-heading-level-2'><a class=\"ez-toc-link ez-toc-heading-6\" href=\"https:\/\/medlook.com.tr\/fr\/koltuk-alti-kararmasi-nedenleri-cozum-yollari\/#Koltuk_Alti_Kararmasi_Nasil_Gecer\" >Koltuk Alt\u0131 Kararmas\u0131 Nas\u0131l Ge\u00e7er?<\/a><\/li><li class='ez-toc-page-1 ez-toc-heading-level-2'><a class=\"ez-toc-link ez-toc-heading-7\" href=\"https:\/\/medlook.com.tr\/fr\/koltuk-alti-kararmasi-nedenleri-cozum-yollari\/#Koltuk_Alti_Kararmasi_Icin_Tibbi_Tedaviler\" >Koltuk Alt\u0131 Kararmas\u0131 \u0130\u00e7in T\u0131bbi Tedaviler<\/a><ul class='ez-toc-list-level-3' ><li class='ez-toc-heading-level-3'><a class=\"ez-toc-link ez-toc-heading-8\" href=\"https:\/\/medlook.com.tr\/fr\/koltuk-alti-kararmasi-nedenleri-cozum-yollari\/#1_PRX-T33_ile_Cilt_Bakimi\" >1. PRX-T33 ile Cilt Bak\u0131m\u0131<\/a><\/li><li class='ez-toc-page-1 ez-toc-heading-level-3'><a class=\"ez-toc-link ez-toc-heading-9\" href=\"https:\/\/medlook.com.tr\/fr\/koltuk-alti-kararmasi-nedenleri-cozum-yollari\/#2_Topikal_Kremler_ve_Losyonlar\" >2. Topikal Kremler ve Losyonlar<\/a><\/li><li class='ez-toc-page-1 ez-toc-heading-level-3'><a class=\"ez-toc-link ez-toc-heading-10\" href=\"https:\/\/medlook.com.tr\/fr\/koltuk-alti-kararmasi-nedenleri-cozum-yollari\/#3_Kimyasal_Peeling\" >3. Kimyasal Peeling<\/a><\/li><li class='ez-toc-page-1 ez-toc-heading-level-3'><a class=\"ez-toc-link ez-toc-heading-11\" href=\"https:\/\/medlook.com.tr\/fr\/koltuk-alti-kararmasi-nedenleri-cozum-yollari\/#4_Lazer_Tedavisi\" >4. Lazer Tedavisi<\/a><\/li><\/ul><\/li><li class='ez-toc-page-1 ez-toc-heading-level-2'><a class=\"ez-toc-link ez-toc-heading-12\" href=\"https:\/\/medlook.com.tr\/fr\/koltuk-alti-kararmasi-nedenleri-cozum-yollari\/#Evde_Uygulanabilecek_Dogal_Cozumler\" >Evde Uygulanabilecek Do\u011fal \u00c7\u00f6z\u00fcmler<\/a><\/li><li class='ez-toc-page-1 ez-toc-heading-level-2'><a class=\"ez-toc-link ez-toc-heading-13\" href=\"https:\/\/medlook.com.tr\/fr\/koltuk-alti-kararmasi-nedenleri-cozum-yollari\/#Sikca_Sorulan_Sorular_SSS\" >S\u0131k\u00e7a Sorulan Sorular (SSS)<\/a><\/li><\/ul><\/nav><\/div>\n<p><span data-contrast=\"auto\">Bu yaz\u0131m\u0131zda, <\/span><b><span data-contrast=\"auto\">koltuk alt\u0131 kararmas\u0131n\u0131n nedenlerini<\/span><\/b><span data-contrast=\"auto\">, t\u0131bbi ve do\u011fal\u00a0<\/span><span data-contrast=\"auto\"><a href=\"https:\/\/medlook.com.tr\/medikal-estetik-anti-aging\/anti-aging-vucut\/koltukalti-beyazlatma\/\" target=\"_blank\" rel=\"noopener\">koltuk alt\u0131 beyazlatma<\/a><b>\u00a0<\/b>y\u00f6ntemlerini<\/span><span data-contrast=\"auto\"> ve en \u00f6nemlisi, bu sorunu <\/span><b><span data-contrast=\"auto\">\u00f6nlemek i\u00e7in alabilece\u011finiz \u00f6nlemleri<\/span><\/b><span data-contrast=\"auto\"> detayl\u0131 bir \u015fekilde ele alaca\u011f\u0131z. Cilt tonunuzdaki de\u011fi\u015fikliklerin alt\u0131nda yatan sebepleri \u00f6\u011frenerek, size en uygun \u00e7\u00f6z\u00fcm yolunu bulabilir ve kendinize olan g\u00fcveninizi yeniden kazanabilirsiniz.<\/span><span data-ccp-props=\"{&quot;134233117&quot;:false,&quot;134233118&quot;:false,&quot;201341983&quot;:0,&quot;335559738&quot;:240,&quot;335559739&quot;:240,&quot;335559740&quot;:279}\">\u00a0<\/span><\/p>\t\t\t\t\t\t\t\t<\/div>\n\t\t\t\t<div class=\"elementor-element elementor-element-c40c652 elementor-widget elementor-widget-heading\" data-id=\"c40c652\" data-element_type=\"widget\" data-e-type=\"widget\" data-settings=\"{&quot;ekit_we_effect_on&quot;:&quot;none&quot;}\" data-widget_type=\"heading.default\">\n\t\t\t\t\t<h2 class=\"elementor-heading-title elementor-size-default\"><span class=\"ez-toc-section\" id=\"Koltuk_Alti_Kararmasi_Nedir\"><\/span>Koltuk Alt\u0131 Kararmas\u0131 Nedir? <span class=\"ez-toc-section-end\"><\/span><\/h2>\t\t\t\t<\/div>\n\t\t\t\t<div class=\"elementor-element elementor-element-873ff26 elementor-widget elementor-widget-text-editor\" data-id=\"873ff26\" data-element_type=\"widget\" data-e-type=\"widget\" data-settings=\"{&quot;ekit_we_effect_on&quot;:&quot;none&quot;}\" data-widget_type=\"text-editor.default\">\n\t\t\t\t\t\t\t\t\t<p><span data-contrast=\"auto\">Koltuk alt\u0131 kararmas\u0131, cilt renginin koyula\u015fmas\u0131yla karakterize edilen yayg\u0131n bir cilt sorunudur. Genellikle koltuk alt\u0131 b\u00f6lgesinde meydana gelen bu kararma, cildin <\/span><b><span data-contrast=\"auto\">melanin \u00fcretimindeki art\u0131\u015f<\/span><\/b><span data-contrast=\"auto\">tan veya \u00e7e\u015fitli d\u0131\u015f etkenlerden kaynaklanabilir.\u00a0<\/span><span data-ccp-props=\"{&quot;134233117&quot;:false,&quot;134233118&quot;:false,&quot;201341983&quot;:0,&quot;335559738&quot;:240,&quot;335559739&quot;:240,&quot;335559740&quot;:279}\">\u00a0<\/span><\/p><p><span data-contrast=\"auto\">Cilt rengindeki bu de\u011fi\u015fiklik, koyu lekeler veya geni\u015f alanlarda e\u015fit olmayan renk tonlar\u0131 \u015feklinde g\u00f6r\u00fclebilir.\u00a0<a href=\"https:\/\/medlook.com.tr\/medikal-estetik-anti-aging\/\" target=\"_blank\" rel=\"noopener\">Estetik<\/a>\u00a0kayg\u0131lar yaratabilir ve bir\u00e7ok ki\u015fi i\u00e7in rahats\u0131z edici bir durum olarak alg\u0131lanabilir. T\u0131bbi olarak &#8220;akant\u00f6z nigrikans&#8221; olarak da adland\u0131r\u0131labilir, ancak bu terim genellikle daha ciddi bir cilt durumunu ifade eder.<\/span><span data-ccp-props=\"{&quot;134233117&quot;:false,&quot;134233118&quot;:false,&quot;201341983&quot;:0,&quot;335559738&quot;:240,&quot;335559739&quot;:240,&quot;335559740&quot;:279}\">\u00a0<a href=\"https:\/\/medlook.com.tr\/medikal-estetik-anti-aging\/anti-aging-vucut\/koltukalti-beyazlatma\/\" target=\"_blank\" rel=\"noopener\">Koltuk alt\u0131 beyazlatma<\/a>\u00a0y\u00f6ntemleri ile ge\u00e7irilmesi m\u00fcmk\u00fcnd\u00fcr.<\/span><\/p>\t\t\t\t\t\t\t\t<\/div>\n\t\t\t\t<section class=\"elementor-section elementor-inner-section elementor-element elementor-element-e1fdf37 elementor-section-boxed elementor-section-height-default elementor-section-height-default\" data-id=\"e1fdf37\" data-element_type=\"section\" data-e-type=\"section\" data-settings=\"{&quot;ekit_has_onepagescroll_dot&quot;:&quot;yes&quot;}\">\n\t\t\t\t\t\t<div class=\"elementor-container elementor-column-gap-default\">\n\t\t\t\t\t<div class=\"elementor-column elementor-col-50 elementor-inner-column elementor-element elementor-element-f5cb1a7\" data-id=\"f5cb1a7\" data-element_type=\"column\" data-e-type=\"column\">\n\t\t\t<div class=\"elementor-widget-wrap elementor-element-populated\">\n\t\t\t\t\t\t<div class=\"elementor-element elementor-element-e0623d7 elementor-widget elementor-widget-heading\" data-id=\"e0623d7\" data-element_type=\"widget\" data-e-type=\"widget\" data-settings=\"{&quot;ekit_we_effect_on&quot;:&quot;none&quot;}\" data-widget_type=\"heading.default\">\n\t\t\t\t\t<h3 class=\"elementor-heading-title elementor-size-default\"><span class=\"ez-toc-section\" id=\"Gorunumu\"><\/span>G\u00f6r\u00fcn\u00fcm\u00fc <span class=\"ez-toc-section-end\"><\/span><\/h3>\t\t\t\t<\/div>\n\t\t\t\t<div class=\"elementor-element elementor-element-1fe4c84 elementor-widget elementor-widget-image\" data-id=\"1fe4c84\" data-element_type=\"widget\" data-e-type=\"widget\" data-settings=\"{&quot;ekit_we_effect_on&quot;:&quot;none&quot;}\" data-widget_type=\"image.default\">\n\t\t\t\t\t\t\t\t\t\t\t\t\t\t\t<img decoding=\"async\" width=\"357\" height=\"141\" src=\"https:\/\/medlook.com.tr\/wp-content\/uploads\/2024\/04\/koltuk-alti-beyazlatma-oncesi-sonrasi.jpeg\" class=\"attachment-large size-large wp-image-10995\" alt=\"\" srcset=\"https:\/\/medlook.com.tr\/wp-content\/uploads\/2024\/04\/koltuk-alti-beyazlatma-oncesi-sonrasi.jpeg 357w, https:\/\/medlook.com.tr\/wp-content\/uploads\/2024\/04\/koltuk-alti-beyazlatma-oncesi-sonrasi-300x118.jpeg 300w\" sizes=\"(max-width: 357px) 100vw, 357px\" loading=\"eager\" title=\"\">\t\t\t\t\t\t\t\t\t\t\t\t\t\t\t<\/div>\n\t\t\t\t<div class=\"elementor-element elementor-element-8b62309 elementor-widget elementor-widget-text-editor\" data-id=\"8b62309\" data-element_type=\"widget\" data-e-type=\"widget\" data-settings=\"{&quot;ekit_we_effect_on&quot;:&quot;none&quot;}\" data-widget_type=\"text-editor.default\">\n\t\t\t\t\t\t\t\t\t<p><span data-contrast=\"auto\">Koltuk alt\u0131 kararmas\u0131, ciltte g\u00f6zle g\u00f6r\u00fcl\u00fcr bir renk de\u011fi\u015fikli\u011fi ile ba\u015flar. Genellikle <\/span><b><span data-contrast=\"auto\">kahverengi veya siyah tonlar\u0131nda<\/span><\/b><span data-contrast=\"auto\"> olabilir ve ciltte lekelenme veya d\u00fczensiz bir g\u00f6r\u00fcn\u00fcm olu\u015fturabilir.\u00a0<\/span><span data-ccp-props=\"{&quot;134233117&quot;:false,&quot;134233118&quot;:false,&quot;201341983&quot;:0,&quot;335559738&quot;:240,&quot;335559739&quot;:240,&quot;335559740&quot;:279}\">\u00a0<\/span><\/p><p><span data-contrast=\"auto\">Bu renk de\u011fi\u015fikli\u011fi, koltuk alt\u0131n\u0131n tamam\u0131n\u0131 veya sadece belirli b\u00f6lgelerini etkileyebilir. Baz\u0131 durumlarda, kararma di\u011fer v\u00fccut b\u00f6lgelerinde; \u00f6zellikle <\/span><b><span data-contrast=\"auto\">boyun, kas\u0131k ve dirseklerde<\/span><\/b><span data-contrast=\"auto\"> de g\u00f6r\u00fclebilir. Kararma ile birlikte ciltte hafif bir kal\u0131nla\u015fma veya p\u00fcr\u00fczl\u00fc bir doku, hatta kadifemsi bir g\u00f6r\u00fcn\u00fcm fark edilebilir.<\/span><span data-ccp-props=\"{&quot;134233117&quot;:false,&quot;134233118&quot;:false,&quot;201341983&quot;:0,&quot;335559738&quot;:240,&quot;335559739&quot;:240,&quot;335559740&quot;:279}\">\u00a0<\/span><\/p>\t\t\t\t\t\t\t\t<\/div>\n\t\t\t\t\t<\/div>\n\t\t<\/div>\n\t\t\t\t<div class=\"elementor-column elementor-col-50 elementor-inner-column elementor-element elementor-element-336bd1f\" data-id=\"336bd1f\" data-element_type=\"column\" data-e-type=\"column\">\n\t\t\t<div class=\"elementor-widget-wrap elementor-element-populated\">\n\t\t\t\t\t\t<div class=\"elementor-element elementor-element-bb2c62d elementor-widget elementor-widget-heading\" data-id=\"bb2c62d\" data-element_type=\"widget\" data-e-type=\"widget\" data-settings=\"{&quot;ekit_we_effect_on&quot;:&quot;none&quot;}\" data-widget_type=\"heading.default\">\n\t\t\t\t\t<h3 class=\"elementor-heading-title elementor-size-default\"><span class=\"ez-toc-section\" id=\"Belirtileri\"><\/span>Belirtileri\u00a0<span class=\"ez-toc-section-end\"><\/span><\/h3>\t\t\t\t<\/div>\n\t\t\t\t<div class=\"elementor-element elementor-element-f1f24b7 elementor-widget elementor-widget-image\" data-id=\"f1f24b7\" data-element_type=\"widget\" data-e-type=\"widget\" data-settings=\"{&quot;ekit_we_effect_on&quot;:&quot;none&quot;}\" data-widget_type=\"image.default\">\n\t\t\t\t\t\t\t\t\t\t\t\t\t\t\t<img decoding=\"async\" width=\"346\" height=\"146\" src=\"https:\/\/medlook.com.tr\/wp-content\/uploads\/2024\/04\/koltuk-alti-kararma-nedenleri.jpeg\" class=\"attachment-large size-large wp-image-10983\" alt=\"\" srcset=\"https:\/\/medlook.com.tr\/wp-content\/uploads\/2024\/04\/koltuk-alti-kararma-nedenleri.jpeg 346w, https:\/\/medlook.com.tr\/wp-content\/uploads\/2024\/04\/koltuk-alti-kararma-nedenleri-300x127.jpeg 300w\" sizes=\"(max-width: 346px) 100vw, 346px\" loading=\"eager\" title=\"\">\t\t\t\t\t\t\t\t\t\t\t\t\t\t\t<\/div>\n\t\t\t\t<div class=\"elementor-element elementor-element-920206a elementor-widget elementor-widget-text-editor\" data-id=\"920206a\" data-element_type=\"widget\" data-e-type=\"widget\" data-settings=\"{&quot;ekit_we_effect_on&quot;:&quot;none&quot;}\" data-widget_type=\"text-editor.default\">\n\t\t\t\t\t\t\t\t\t<ul><li data-leveltext=\"\uf0b7\" data-font=\"Symbol\" data-listid=\"2\" data-list-defn-props=\"{&quot;335552541&quot;:1,&quot;335559685&quot;:720,&quot;335559991&quot;:360,&quot;469769226&quot;:&quot;Symbol&quot;,&quot;469769242&quot;:[8226],&quot;469777803&quot;:&quot;left&quot;,&quot;469777804&quot;:&quot;\uf0b7&quot;,&quot;469777815&quot;:&quot;hybridMultilevel&quot;}\" aria-setsize=\"-1\" data-aria-posinset=\"1\" data-aria-level=\"1\"><b><span data-contrast=\"auto\">Koyu Renkli Lekeler:<\/span><\/b><span data-contrast=\"auto\"> Koltukalt\u0131 b\u00f6lgesinde belirgin \u015fekilde koyu renkte lekeler olu\u015fur.<\/span><span data-ccp-props=\"{&quot;134233117&quot;:false,&quot;134233118&quot;:false,&quot;201341983&quot;:0,&quot;335559738&quot;:0,&quot;335559739&quot;:0,&quot;335559740&quot;:279}\">\u00a0<\/span><\/li><li data-leveltext=\"\uf0b7\" data-font=\"Symbol\" data-listid=\"2\" data-list-defn-props=\"{&quot;335552541&quot;:1,&quot;335559685&quot;:720,&quot;335559991&quot;:360,&quot;469769226&quot;:&quot;Symbol&quot;,&quot;469769242&quot;:[8226],&quot;469777803&quot;:&quot;left&quot;,&quot;469777804&quot;:&quot;\uf0b7&quot;,&quot;469777815&quot;:&quot;hybridMultilevel&quot;}\" aria-setsize=\"-1\" data-aria-posinset=\"2\" data-aria-level=\"1\"><b><span data-contrast=\"auto\">Ciltte Kal\u0131nla\u015fma veya P\u00fcr\u00fczlenme:<\/span><\/b><span data-contrast=\"auto\"> Ciltte hafif bir kal\u0131nla\u015fma veya p\u00fcr\u00fczl\u00fc bir doku hissedilebilir.<\/span><span data-ccp-props=\"{&quot;134233117&quot;:false,&quot;134233118&quot;:false,&quot;201341983&quot;:0,&quot;335559738&quot;:0,&quot;335559739&quot;:0,&quot;335559740&quot;:279}\">\u00a0<\/span><\/li><\/ul><ul><li data-leveltext=\"\uf0b7\" data-font=\"Symbol\" data-listid=\"2\" data-list-defn-props=\"{&quot;335552541&quot;:1,&quot;335559685&quot;:720,&quot;335559991&quot;:360,&quot;469769226&quot;:&quot;Symbol&quot;,&quot;469769242&quot;:[8226],&quot;469777803&quot;:&quot;left&quot;,&quot;469777804&quot;:&quot;\uf0b7&quot;,&quot;469777815&quot;:&quot;hybridMultilevel&quot;}\" aria-setsize=\"-1\" data-aria-posinset=\"3\" data-aria-level=\"1\"><b><span data-contrast=\"auto\">E\u015fit Olmayan Renk Da\u011f\u0131l\u0131m\u0131:<\/span><\/b><span data-contrast=\"auto\"> Kararma, koltuk alt\u0131nda d\u00fczensiz bir \u015fekilde da\u011f\u0131lan renk tonlar\u0131 olarak da ortaya \u00e7\u0131kabilir.<\/span><span data-ccp-props=\"{&quot;134233117&quot;:false,&quot;134233118&quot;:false,&quot;201341983&quot;:0,&quot;335559738&quot;:0,&quot;335559739&quot;:0,&quot;335559740&quot;:279}\">\u00a0<\/span><\/li><\/ul><ul><li data-leveltext=\"\uf0b7\" data-font=\"Symbol\" data-listid=\"2\" data-list-defn-props=\"{&quot;335552541&quot;:1,&quot;335559685&quot;:720,&quot;335559991&quot;:360,&quot;469769226&quot;:&quot;Symbol&quot;,&quot;469769242&quot;:[8226],&quot;469777803&quot;:&quot;left&quot;,&quot;469777804&quot;:&quot;\uf0b7&quot;,&quot;469777815&quot;:&quot;hybridMultilevel&quot;}\" aria-setsize=\"-1\" data-aria-posinset=\"4\" data-aria-level=\"1\"><b><span data-contrast=\"auto\">Nadiren Ka\u015f\u0131nt\u0131 veya Hafif Bir Koku:<\/span><\/b><span data-contrast=\"auto\"> Baz\u0131 ki\u015filerde, nadiren de olsa, ka\u015f\u0131nt\u0131 veya hafif bir koku da e\u015flik edebilir.<\/span><span data-ccp-props=\"{&quot;134233117&quot;:false,&quot;134233118&quot;:false,&quot;201341983&quot;:0,&quot;335559738&quot;:0,&quot;335559739&quot;:0,&quot;335559740&quot;:279}\">\u00a0<\/span>\u00a0<\/li><\/ul>\t\t\t\t\t\t\t\t<\/div>\n\t\t\t\t\t<\/div>\n\t\t<\/div>\n\t\t\t\t\t<\/div>\n\t\t<\/section>\n\t\t\t\t<div class=\"elementor-element elementor-element-8533f20 elementor-widget elementor-widget-text-editor\" data-id=\"8533f20\" data-element_type=\"widget\" data-e-type=\"widget\" data-settings=\"{&quot;ekit_we_effect_on&quot;:&quot;none&quot;}\" data-widget_type=\"text-editor.default\">\n\t\t\t\t\t\t\t\t\t<h3 aria-level=\"3\"><span class=\"ez-toc-section\" id=\"Psikolojik_Etkileri\"><\/span><b><i><span data-contrast=\"none\">Psikolojik Etkileri<\/span><\/i><\/b><span data-ccp-props=\"{&quot;134233117&quot;:false,&quot;134233118&quot;:false,&quot;134245418&quot;:true,&quot;134245529&quot;:true,&quot;201341983&quot;:0,&quot;335559738&quot;:281,&quot;335559739&quot;:281,&quot;335559740&quot;:279}\">\u00a0<\/span><span class=\"ez-toc-section-end\"><\/span><\/h3><p><span data-contrast=\"auto\">Koltuk alt\u0131 kararmas\u0131, fiziksel bir sorun olman\u0131n \u00f6tesinde, ki\u015finin kendine olan g\u00fcvenini de etkileyebilir. \u00d6zellikle yaz aylar\u0131nda veya kolsuz giysiler giyildi\u011finde, kararm\u0131\u015f koltuk altlar\u0131 baz\u0131 ki\u015filerde utanma ve rahats\u0131zl\u0131k hissine yol a\u00e7abilir. Bu durum, sosyal ortamlarda rahat hareket etmeyi zorla\u015ft\u0131rabilir ve ki\u015finin kendi v\u00fccuduyla ilgili olumsuz duygular geli\u015ftirmesine neden olabilir. Psikolojik etkileri, ki\u015finin ya\u015fam kalitesini olumsuz y\u00f6nde etkileyebilir; bu nedenle bu durumun tedavisi ve y\u00f6netimi b\u00fcy\u00fck \u00f6nem ta\u015f\u0131r.<\/span><span data-ccp-props=\"{&quot;134233117&quot;:false,&quot;134233118&quot;:false,&quot;201341983&quot;:0,&quot;335559738&quot;:240,&quot;335559739&quot;:240,&quot;335559740&quot;:279}\">\u00a0<\/span><\/p><p><b><span data-contrast=\"auto\">\u00d6nemli Not:<\/span><\/b><span data-contrast=\"auto\"> Genellikle zarars\u0131z bir durumdur, ancak altta yatan bir sa\u011fl\u0131k sorununun belirtisi olabilir. Bu nedenle, \u00f6zellikle ani veya h\u0131zl\u0131 bir \u015fekilde geli\u015fen renk de\u011fi\u015fiklikleri durumunda bir dermatologa dan\u0131\u015fmak \u00f6nemlidir.<\/span><span data-ccp-props=\"{&quot;134233117&quot;:false,&quot;134233118&quot;:false,&quot;201341983&quot;:0,&quot;335559738&quot;:240,&quot;335559739&quot;:240,&quot;335559740&quot;:279}\">\u00a0<\/span><\/p>\t\t\t\t\t\t\t\t<\/div>\n\t\t\t\t<div class=\"elementor-element elementor-element-1843614 elementor-widget elementor-widget-heading\" data-id=\"1843614\" data-element_type=\"widget\" data-e-type=\"widget\" data-settings=\"{&quot;ekit_we_effect_on&quot;:&quot;none&quot;}\" data-widget_type=\"heading.default\">\n\t\t\t\t\t<h2 class=\"elementor-heading-title elementor-size-default\"><span class=\"ez-toc-section\" id=\"Koltuk_Alti_Neden_Kararir\"><\/span>Koltuk Alt\u0131 Neden Karar\u0131r? <span class=\"ez-toc-section-end\"><\/span><\/h2>\t\t\t\t<\/div>\n\t\t\t\t<div class=\"elementor-element elementor-element-752e3d2 elementor-widget elementor-widget-image\" data-id=\"752e3d2\" data-element_type=\"widget\" data-e-type=\"widget\" data-settings=\"{&quot;ekit_we_effect_on&quot;:&quot;none&quot;}\" data-widget_type=\"image.default\">\n\t\t\t\t\t\t\t\t\t\t\t\t\t\t\t<img decoding=\"async\" width=\"800\" height=\"534\" src=\"https:\/\/medlook.com.tr\/wp-content\/uploads\/2024\/09\/Koltuk-Alti-Neden-Kararir.webp\" class=\"attachment-large size-large wp-image-12629\" alt=\"\" srcset=\"https:\/\/medlook.com.tr\/wp-content\/uploads\/2024\/09\/Koltuk-Alti-Neden-Kararir.webp 1000w, https:\/\/medlook.com.tr\/wp-content\/uploads\/2024\/09\/Koltuk-Alti-Neden-Kararir-300x200.webp 300w, https:\/\/medlook.com.tr\/wp-content\/uploads\/2024\/09\/Koltuk-Alti-Neden-Kararir-768x512.webp 768w\" sizes=\"(max-width: 800px) 100vw, 800px\" loading=\"eager\" title=\"\">\t\t\t\t\t\t\t\t\t\t\t\t\t\t\t<\/div>\n\t\t\t\t<div class=\"elementor-element elementor-element-566d29a elementor-widget elementor-widget-text-editor\" data-id=\"566d29a\" data-element_type=\"widget\" data-e-type=\"widget\" data-settings=\"{&quot;ekit_we_effect_on&quot;:&quot;none&quot;}\" data-widget_type=\"text-editor.default\">\n\t\t\t\t\t\t\t\t\t<p><span data-contrast=\"auto\">Koltuk alt\u0131n\u0131n kararmas\u0131, \u00e7e\u015fitli fakt\u00f6rlerin bir araya gelmesiyle ortaya \u00e7\u0131kabilen yayg\u0131n bir cilt sorunudur. Bu fakt\u00f6rler, ciltte tahri\u015fe, melanin \u00fcretiminin artmas\u0131na veya hormonal de\u011fi\u015fikliklere yol a\u00e7arak renk koyula\u015fmas\u0131na sebep olabilir. Kar\u015f\u0131la\u015f\u0131lan en yayg\u0131n nedenler \u015funlard\u0131r:<\/span><span data-ccp-props=\"{&quot;134233117&quot;:false,&quot;134233118&quot;:false,&quot;201341983&quot;:0,&quot;335559738&quot;:240,&quot;335559739&quot;:240,&quot;335559740&quot;:279}\">\u00a0<\/span><\/p><p aria-level=\"3\"><b><i><span data-contrast=\"none\">S\u00fcrt\u00fcnme ve Tahri\u015f<\/span><\/i><\/b><span data-ccp-props=\"{&quot;134233117&quot;:false,&quot;134233118&quot;:false,&quot;134245418&quot;:true,&quot;134245529&quot;:true,&quot;201341983&quot;:0,&quot;335559738&quot;:281,&quot;335559739&quot;:281,&quot;335559740&quot;:279}\">\u00a0<\/span><\/p><ul><li data-leveltext=\"\uf0b7\" data-font=\"Symbol\" data-listid=\"2\" data-list-defn-props=\"{&quot;335552541&quot;:1,&quot;335559685&quot;:720,&quot;335559991&quot;:360,&quot;469769226&quot;:&quot;Symbol&quot;,&quot;469769242&quot;:[8226],&quot;469777803&quot;:&quot;left&quot;,&quot;469777804&quot;:&quot;\uf0b7&quot;,&quot;469777815&quot;:&quot;hybridMultilevel&quot;}\" aria-setsize=\"-1\" data-aria-posinset=\"5\" data-aria-level=\"1\"><b><span data-contrast=\"auto\">S\u0131k\u0131 Giysiler ve S\u00fcrt\u00fcnme:<\/span><\/b><span data-contrast=\"auto\"> S\u0131k\u0131 giysiler gitmek veya koltuk altlar\u0131n\u0131n birbirine ya da k\u0131yafetlere s\u00fcrt\u00fcnmesi, ciltte tahri\u015fe ve iltihaplanmaya neden olabilir. Bu durum, melanin \u00fcretimini art\u0131rarak b\u00f6lgenin kararmas\u0131na yol a\u00e7ar, \u00f6zellikle kilolu bireylerde veya fiziksel aktivite s\u0131ras\u0131nda daha s\u0131k g\u00f6r\u00fclebilir.<\/span><span data-ccp-props=\"{&quot;134233117&quot;:false,&quot;134233118&quot;:false,&quot;201341983&quot;:0,&quot;335551550&quot;:1,&quot;335551620&quot;:1,&quot;335559685&quot;:720,&quot;335559737&quot;:0,&quot;335559738&quot;:0,&quot;335559739&quot;:0,&quot;335559740&quot;:279,&quot;335559991&quot;:360}\">\u00a0<\/span><\/li><\/ul><p aria-level=\"3\"><b><i><span data-contrast=\"none\">Yanl\u0131\u015f T\u00fcy Alma Y\u00f6ntemleri<\/span><\/i><\/b><span data-ccp-props=\"{&quot;134233117&quot;:false,&quot;134233118&quot;:false,&quot;134245418&quot;:true,&quot;134245529&quot;:true,&quot;201341983&quot;:0,&quot;335559738&quot;:281,&quot;335559739&quot;:281,&quot;335559740&quot;:279}\">\u00a0<\/span><\/p><ul><li data-leveltext=\"\uf0b7\" data-font=\"Symbol\" data-listid=\"2\" data-list-defn-props=\"{&quot;335552541&quot;:1,&quot;335559685&quot;:720,&quot;335559991&quot;:360,&quot;469769226&quot;:&quot;Symbol&quot;,&quot;469769242&quot;:[8226],&quot;469777803&quot;:&quot;left&quot;,&quot;469777804&quot;:&quot;\uf0b7&quot;,&quot;469777815&quot;:&quot;hybridMultilevel&quot;}\" aria-setsize=\"-1\" data-aria-posinset=\"6\" data-aria-level=\"1\"><b><span data-contrast=\"auto\">A\u011fda, T\u0131ra\u015f ve Epilasyon:<\/span><\/b><span data-contrast=\"auto\"> T\u0131ra\u015f, a\u011fda veya epilasyon gibi y\u00f6ntemlerle yap\u0131lan t\u00fcy al\u0131m\u0131, ciltte tahri\u015fe ve folik\u00fcllerin iltihaplanmas\u0131na neden olabilir. Bu da melanin \u00fcretimini tetikleyerek koltuk alt\u0131n\u0131n kararmas\u0131na yol a\u00e7abilir. \u00d6zellikle hassas ciltlerde epilasyon cihazlar\u0131 da tahri\u015fe ve kararmaya sebep olabilir.<\/span><span data-ccp-props=\"{&quot;134233117&quot;:false,&quot;134233118&quot;:false,&quot;201341983&quot;:0,&quot;335559738&quot;:0,&quot;335559739&quot;:0,&quot;335559740&quot;:279}\">\u00a0<\/span><\/li><\/ul><p aria-level=\"3\"><b><i><span data-contrast=\"none\">Terleme ve Bakteriyel \u00dcreme<\/span><\/i><\/b><span data-ccp-props=\"{&quot;134233117&quot;:false,&quot;134233118&quot;:false,&quot;134245418&quot;:true,&quot;134245529&quot;:true,&quot;201341983&quot;:0,&quot;335559738&quot;:281,&quot;335559739&quot;:281,&quot;335559740&quot;:279}\">\u00a0<\/span><\/p><ul><li data-leveltext=\"\uf0b7\" data-font=\"Symbol\" data-listid=\"2\" data-list-defn-props=\"{&quot;335552541&quot;:1,&quot;335559685&quot;:720,&quot;335559991&quot;:360,&quot;469769226&quot;:&quot;Symbol&quot;,&quot;469769242&quot;:[8226],&quot;469777803&quot;:&quot;left&quot;,&quot;469777804&quot;:&quot;\uf0b7&quot;,&quot;469777815&quot;:&quot;hybridMultilevel&quot;}\" aria-setsize=\"-1\" data-aria-posinset=\"7\" data-aria-level=\"1\"><b><span data-contrast=\"auto\">A\u015f\u0131r\u0131 Terleme ve Hijyen Eksikli\u011fi:<\/span><\/b><span data-contrast=\"auto\"> Koltuk alt\u0131, ter bezlerinin yo\u011fun oldu\u011fu bir alan oldu\u011fu i\u00e7in terleme ka\u00e7\u0131n\u0131lmazd\u0131r. Ancak, a\u015f\u0131r\u0131 terleme ve yetersiz hijyen, nemli bir ortam olu\u015fturarak bakteri \u00fcremesini te\u015fvik eder. Bakterilerin neden oldu\u011fu iltihaplanma, ciltte renk de\u011fi\u015fikli\u011fine yol a\u00e7abilir.<\/span><span data-ccp-props=\"{&quot;134233117&quot;:false,&quot;134233118&quot;:false,&quot;201341983&quot;:0,&quot;335559738&quot;:0,&quot;335559739&quot;:0,&quot;335559740&quot;:279}\">\u00a0<\/span><\/li><\/ul><p aria-level=\"3\"><b><i><span data-contrast=\"none\">Kimyasal \u0130\u00e7erikli \u00dcr\u00fcnler<\/span><\/i><\/b><span data-ccp-props=\"{&quot;134233117&quot;:false,&quot;134233118&quot;:false,&quot;134245418&quot;:true,&quot;134245529&quot;:true,&quot;201341983&quot;:0,&quot;335559738&quot;:281,&quot;335559739&quot;:281,&quot;335559740&quot;:279}\">\u00a0<\/span><\/p><ul><li data-leveltext=\"\uf0b7\" data-font=\"Symbol\" data-listid=\"2\" data-list-defn-props=\"{&quot;335552541&quot;:1,&quot;335559685&quot;:720,&quot;335559991&quot;:360,&quot;469769226&quot;:&quot;Symbol&quot;,&quot;469769242&quot;:[8226],&quot;469777803&quot;:&quot;left&quot;,&quot;469777804&quot;:&quot;\uf0b7&quot;,&quot;469777815&quot;:&quot;hybridMultilevel&quot;}\" aria-setsize=\"-1\" data-aria-posinset=\"8\" data-aria-level=\"1\"><b><span data-contrast=\"auto\">Deodorantlar, Antiperspirantlar ve Kozmetik \u00dcr\u00fcnler:<\/span><\/b><span data-contrast=\"auto\"> Baz\u0131 deodorant ve antiperspirantlarda bulunan al\u00fcminyum, parabenler ve alkol gibi kimyasallar, ciltte tahri\u015fe ve alerjik reaksiyonlara neden olabilir. Bu da melanin \u00fcretimini art\u0131rarak koltuk alt\u0131n\u0131n kararmas\u0131na katk\u0131da bulunabilir. Ayn\u0131 \u015fekilde, koltuk alt\u0131na uygulanan parf\u00fcmler ve v\u00fccut losyonlar\u0131 da ciltte tahri\u015fe ve kararmaya yol a\u00e7abilir.<\/span><span data-ccp-props=\"{&quot;134233117&quot;:false,&quot;134233118&quot;:false,&quot;201341983&quot;:0,&quot;335559738&quot;:0,&quot;335559739&quot;:0,&quot;335559740&quot;:279}\">\u00a0<\/span><\/li><\/ul><p aria-level=\"3\"><b><i><span data-contrast=\"none\">Hormonal De\u011fi\u015fiklikler ve Genetik Fakt\u00f6rler<\/span><\/i><\/b><span data-ccp-props=\"{&quot;134233117&quot;:false,&quot;134233118&quot;:false,&quot;134245418&quot;:true,&quot;134245529&quot;:true,&quot;201341983&quot;:0,&quot;335559738&quot;:281,&quot;335559739&quot;:281,&quot;335559740&quot;:279}\">\u00a0<\/span><\/p><ul><li data-leveltext=\"\uf0b7\" data-font=\"Symbol\" data-listid=\"2\" data-list-defn-props=\"{&quot;335552541&quot;:1,&quot;335559685&quot;:720,&quot;335559991&quot;:360,&quot;469769226&quot;:&quot;Symbol&quot;,&quot;469769242&quot;:[8226],&quot;469777803&quot;:&quot;left&quot;,&quot;469777804&quot;:&quot;\uf0b7&quot;,&quot;469777815&quot;:&quot;hybridMultilevel&quot;}\" aria-setsize=\"-1\" data-aria-posinset=\"9\" data-aria-level=\"1\"><b><span data-contrast=\"auto\">Hormonal Dalgalanmalar:<\/span><\/b><span data-contrast=\"auto\"> Ergenlik, hamilelik, emzirme veya menopoz gibi d\u00f6nemlerde ya\u015fanan hormonal de\u011fi\u015fiklikler, melanin \u00fcretimini etkileyerek ciltte renk koyula\u015fmas\u0131na neden olabilir. Polikistik Over Sendromu (PCOS) gibi hormonal dengesizlikler veya tiroid sorunlar\u0131 da benzer etkilere sahip olabilir.<\/span><span data-ccp-props=\"{&quot;134233117&quot;:false,&quot;134233118&quot;:false,&quot;201341983&quot;:0,&quot;335559738&quot;:0,&quot;335559739&quot;:0,&quot;335559740&quot;:279}\">\u00a0<\/span><\/li><\/ul><ul><li data-leveltext=\"\uf0b7\" data-font=\"Symbol\" data-listid=\"2\" data-list-defn-props=\"{&quot;335552541&quot;:1,&quot;335559685&quot;:720,&quot;335559991&quot;:360,&quot;469769226&quot;:&quot;Symbol&quot;,&quot;469769242&quot;:[8226],&quot;469777803&quot;:&quot;left&quot;,&quot;469777804&quot;:&quot;\uf0b7&quot;,&quot;469777815&quot;:&quot;hybridMultilevel&quot;}\" aria-setsize=\"-1\" data-aria-posinset=\"10\" data-aria-level=\"1\"><b><span data-contrast=\"auto\">Genetik Yatk\u0131nl\u0131k:<\/span><\/b><span data-contrast=\"auto\"> Baz\u0131 ki\u015filerde, genetik yatk\u0131nl\u0131k nedeniyle koltuk alt\u0131 kararmas\u0131 daha s\u0131k g\u00f6r\u00fclebilir. Ailede benzer cilt pigmentasyon sorunlar\u0131 varsa, bu durumun ortaya \u00e7\u0131kma olas\u0131l\u0131\u011f\u0131 daha y\u00fcksektir.<\/span><span data-ccp-props=\"{&quot;134233117&quot;:false,&quot;134233118&quot;:false,&quot;201341983&quot;:0,&quot;335559738&quot;:0,&quot;335559739&quot;:0,&quot;335559740&quot;:279}\">\u00a0<\/span><\/li><\/ul><p aria-level=\"3\"><b><i><span data-contrast=\"none\">\u0130la\u00e7lar ve Deri Hastal\u0131klar\u0131<\/span><\/i><\/b><span data-ccp-props=\"{&quot;134233117&quot;:false,&quot;134233118&quot;:false,&quot;134245418&quot;:true,&quot;134245529&quot;:true,&quot;201341983&quot;:0,&quot;335559738&quot;:281,&quot;335559739&quot;:281,&quot;335559740&quot;:279}\">\u00a0<\/span><\/p><ul><li data-leveltext=\"\uf0b7\" data-font=\"Symbol\" data-listid=\"2\" data-list-defn-props=\"{&quot;335552541&quot;:1,&quot;335559685&quot;:720,&quot;335559991&quot;:360,&quot;469769226&quot;:&quot;Symbol&quot;,&quot;469769242&quot;:[8226],&quot;469777803&quot;:&quot;left&quot;,&quot;469777804&quot;:&quot;\uf0b7&quot;,&quot;469777815&quot;:&quot;hybridMultilevel&quot;}\" aria-setsize=\"-1\" data-aria-posinset=\"11\" data-aria-level=\"1\"><b><span data-contrast=\"auto\">\u0130la\u00e7 Yan Etkileri:<\/span><\/b><span data-contrast=\"auto\"> Baz\u0131 ila\u00e7lar, nadiren de olsa yan etki olarak ciltte renk de\u011fi\u015fikliklerine neden olabilir. Yeni bir ila\u00e7 kullanmaya ba\u015flad\u0131ktan sonra koltuk altlar\u0131n\u0131zda kararma fark ederseniz, doktorunuza dan\u0131\u015fman\u0131z \u00f6nemlidir.<\/span><span data-ccp-props=\"{&quot;134233117&quot;:false,&quot;134233118&quot;:false,&quot;201341983&quot;:0,&quot;335559738&quot;:0,&quot;335559739&quot;:0,&quot;335559740&quot;:279}\">\u00a0<\/span><\/li><\/ul><ul><li data-leveltext=\"\uf0b7\" data-font=\"Symbol\" data-listid=\"2\" data-list-defn-props=\"{&quot;335552541&quot;:1,&quot;335559685&quot;:720,&quot;335559991&quot;:360,&quot;469769226&quot;:&quot;Symbol&quot;,&quot;469769242&quot;:[8226],&quot;469777803&quot;:&quot;left&quot;,&quot;469777804&quot;:&quot;\uf0b7&quot;,&quot;469777815&quot;:&quot;hybridMultilevel&quot;}\" aria-setsize=\"-1\" data-aria-posinset=\"12\" data-aria-level=\"1\"><b><span data-contrast=\"auto\">Acanthosis Nigricans:<\/span><\/b><span data-contrast=\"auto\"> Ciltte kal\u0131nla\u015fma ve koyula\u015fmaya neden olan bu deri hastal\u0131\u011f\u0131, genellikle koltuk altlar\u0131, boyun, kas\u0131k ve dirseklerde g\u00f6r\u00fcl\u00fcr. \u0130ns\u00fclin direnci, obezite, hormonal dengesizlikler veya baz\u0131 ila\u00e7lar\u0131n kullan\u0131m\u0131yla ili\u015fkili olabilir ve altta yatan bir sa\u011fl\u0131k sorununun belirtisi olabilir, bu nedenle bir dermatologa ba\u015fvurman\u0131z \u00f6nemlidir.<\/span><span data-ccp-props=\"{&quot;134233117&quot;:false,&quot;134233118&quot;:false,&quot;201341983&quot;:0,&quot;335559738&quot;:0,&quot;335559739&quot;:0,&quot;335559740&quot;:279}\">\u00a0<\/span><\/li><\/ul><p><span data-contrast=\"auto\">Koltuk altlar\u0131nda kararma genellikle zarars\u0131z olsa da altta yatan bir sa\u011fl\u0131k sorununun habercisi olabilir veya estetik kayg\u0131lara yol a\u00e7abilir. Kararmay\u0131 \u00f6nlemek veya tedavi etmek i\u00e7in nedenleri do\u011fru bir \u015fekilde tespit etmek ve uygun \u00f6nlemleri almak \u00f6nemlidir.<\/span><span data-ccp-props=\"{&quot;134233117&quot;:false,&quot;134233118&quot;:false,&quot;201341983&quot;:0,&quot;335559738&quot;:240,&quot;335559739&quot;:240,&quot;335559740&quot;:279}\">\u00a0<\/span><\/p>\t\t\t\t\t\t\t\t<\/div>\n\t\t\t\t<div class=\"elementor-element elementor-element-74551aa elementor-widget elementor-widget-heading\" data-id=\"74551aa\" data-element_type=\"widget\" data-e-type=\"widget\" data-settings=\"{&quot;ekit_we_effect_on&quot;:&quot;none&quot;}\" data-widget_type=\"heading.default\">\n\t\t\t\t\t<h2 class=\"elementor-heading-title elementor-size-default\"><span class=\"ez-toc-section\" id=\"Koltuk_Alti_Kararmasi_Nasil_Gecer\"><\/span>Koltuk Alt\u0131 Kararmas\u0131 Nas\u0131l Ge\u00e7er? <span class=\"ez-toc-section-end\"><\/span><\/h2>\t\t\t\t<\/div>\n\t\t\t\t<div class=\"elementor-element elementor-element-b530564 elementor-widget elementor-widget-image\" data-id=\"b530564\" data-element_type=\"widget\" data-e-type=\"widget\" data-settings=\"{&quot;ekit_we_effect_on&quot;:&quot;none&quot;}\" data-widget_type=\"image.default\">\n\t\t\t\t\t\t\t\t\t\t\t\t\t\t\t<img decoding=\"async\" width=\"800\" height=\"534\" src=\"https:\/\/medlook.com.tr\/wp-content\/uploads\/2024\/09\/Koltuk-Alti-Kararmasi-Nasil-Gecer.webp\" class=\"attachment-large size-large wp-image-12632\" alt=\"\" srcset=\"https:\/\/medlook.com.tr\/wp-content\/uploads\/2024\/09\/Koltuk-Alti-Kararmasi-Nasil-Gecer.webp 1000w, https:\/\/medlook.com.tr\/wp-content\/uploads\/2024\/09\/Koltuk-Alti-Kararmasi-Nasil-Gecer-300x200.webp 300w, https:\/\/medlook.com.tr\/wp-content\/uploads\/2024\/09\/Koltuk-Alti-Kararmasi-Nasil-Gecer-768x513.webp 768w\" sizes=\"(max-width: 800px) 100vw, 800px\" loading=\"eager\" title=\"\">\t\t\t\t\t\t\t\t\t\t\t\t\t\t\t<\/div>\n\t\t\t\t<div class=\"elementor-element elementor-element-dada8f1 elementor-widget elementor-widget-text-editor\" data-id=\"dada8f1\" data-element_type=\"widget\" data-e-type=\"widget\" data-settings=\"{&quot;ekit_we_effect_on&quot;:&quot;none&quot;}\" data-widget_type=\"text-editor.default\">\n\t\t\t\t\t\t\t\t\t<p><span data-contrast=\"auto\">Koltuk alt\u0131n\u0131z\u0131n kararmas\u0131, estetik a\u00e7\u0131dan rahats\u0131z edici bir durum olabilir, ancak bu kararmay\u0131 gidermek ve cilt tonunu e\u015fitlemek i\u00e7in bir\u00e7ok etkili\u00a0<a href=\"https:\/\/medlook.com.tr\/medikal-estetik-anti-aging\/\" target=\"_blank\" rel=\"noopener\">medikal estetik<\/a>\u00a0y\u00f6ntemi bulunmaktad\u0131r. Kararman\u0131n \u015fiddetine, nedenlerine ve ki\u015fisel cilt tipine ba\u011fl\u0131 olarak farkl\u0131\u00a0<a href=\"https:\/\/medlook.com.tr\/medikal-estetik-anti-aging\/anti-aging-vucut\/koltukalti-beyazlatma\/\" target=\"_blank\" rel=\"noopener\">koltuk alt\u0131 beyazlatma<\/a>\u00a0se\u00e7enekleri de\u011ferlendirilir. Bu s\u00fcre\u00e7te hem t\u0131bbi tedavi y\u00f6ntemleri hem de evde uygulanabilecek do\u011fal \u00e7\u00f6z\u00fcmler devreye girebilir. Ayr\u0131ca, kararmay\u0131 \u00f6nlemek i\u00e7in al\u0131nacak \u00f6nleyici tedbirler de uzun vadeli ba\u015far\u0131 i\u00e7in \u00f6nemlidir.<\/span><span data-ccp-props=\"{&quot;134233117&quot;:false,&quot;134233118&quot;:false,&quot;201341983&quot;:0,&quot;335559738&quot;:240,&quot;335559739&quot;:240,&quot;335559740&quot;:279}\">\u00a0<\/span><\/p><ul><li data-leveltext=\"\uf0b7\" data-font=\"Symbol\" data-listid=\"3\" data-list-defn-props=\"{&quot;335552541&quot;:1,&quot;335559685&quot;:720,&quot;335559991&quot;:360,&quot;469769226&quot;:&quot;Symbol&quot;,&quot;469769242&quot;:[8226],&quot;469777803&quot;:&quot;left&quot;,&quot;469777804&quot;:&quot;\uf0b7&quot;,&quot;469777815&quot;:&quot;hybridMultilevel&quot;}\" aria-setsize=\"-1\" data-aria-posinset=\"1\" data-aria-level=\"1\"><b><span data-contrast=\"auto\">T\u0131bbi Tedavi Y\u00f6ntemleri: <\/span><\/b><span data-contrast=\"auto\">\u00c7e\u015fitli t\u0131bbi tedavi y\u00f6ntemleri mevcuttur. Dermatologlar, cilt tipinize ve kararman\u0131n nedenine g\u00f6re en uygun tedavi plan\u0131n\u0131 belirleyebilir. Kimyasal peeling, lazer tedavisi, ayd\u0131nlat\u0131c\u0131 kremler ve mikrodermabrazyon gibi y\u00f6ntemler, cilt tonunu e\u015fitlemek ve kararmay\u0131 gidermek i\u00e7in etkili \u00e7\u00f6z\u00fcmler sunar.<\/span><span data-ccp-props=\"{&quot;201341983&quot;:0,&quot;335559739&quot;:160,&quot;335559740&quot;:279}\">\u00a0<\/span><\/li><\/ul><ul><li data-leveltext=\"\uf0b7\" data-font=\"Symbol\" data-listid=\"3\" data-list-defn-props=\"{&quot;335552541&quot;:1,&quot;335559685&quot;:720,&quot;335559991&quot;:360,&quot;469769226&quot;:&quot;Symbol&quot;,&quot;469769242&quot;:[8226],&quot;469777803&quot;:&quot;left&quot;,&quot;469777804&quot;:&quot;\uf0b7&quot;,&quot;469777815&quot;:&quot;hybridMultilevel&quot;}\" aria-setsize=\"-1\" data-aria-posinset=\"2\" data-aria-level=\"1\"><b><span data-contrast=\"auto\">Evde Uygulanabilecek Do\u011fal \u00c7\u00f6z\u00fcmler:<\/span><\/b><span data-contrast=\"auto\"> Kararmay\u0131 hafifletmek i\u00e7in evde uygulanabilecek \u00e7e\u015fitli do\u011fal \u00e7\u00f6z\u00fcmler de bulunmaktad\u0131r. Limon suyu, aloe vera, karbonat ve yo\u011furt-zerde\u00e7al gibi do\u011fal \u00fcr\u00fcnler, cilt tonunu a\u00e7maya yard\u0131mc\u0131 olabilir. Bu y\u00f6ntemler, d\u00fczenli kullan\u0131mda etkili sonu\u00e7lar verebilir ve cildi kimyasallara maruz b\u0131rakmadan do\u011fal bir iyile\u015fme s\u00fcreci sa\u011flar.<\/span><span data-ccp-props=\"{&quot;201341983&quot;:0,&quot;335559739&quot;:160,&quot;335559740&quot;:279}\">\u00a0<\/span><\/li><\/ul><ul><li data-leveltext=\"\uf0b7\" data-font=\"Symbol\" data-listid=\"3\" data-list-defn-props=\"{&quot;335552541&quot;:1,&quot;335559685&quot;:720,&quot;335559991&quot;:360,&quot;469769226&quot;:&quot;Symbol&quot;,&quot;469769242&quot;:[8226],&quot;469777803&quot;:&quot;left&quot;,&quot;469777804&quot;:&quot;\uf0b7&quot;,&quot;469777815&quot;:&quot;hybridMultilevel&quot;}\" aria-setsize=\"-1\" data-aria-posinset=\"3\" data-aria-level=\"1\"><b><span data-contrast=\"auto\">\u00d6nleyici Tedbirler: <\/span><\/b><span data-contrast=\"auto\">Kararmay\u0131 \u00f6nlemek i\u00e7in baz\u0131 basit ama etkili \u00f6nlemler almak da b\u00fcy\u00fck \u00f6nem ta\u015f\u0131r. Do\u011fru t\u00fcy alma y\u00f6ntemlerinin tercih edilmesi, kimyasal i\u00e7erikli \u00fcr\u00fcnlerin kullan\u0131m\u0131ndan ka\u00e7\u0131n\u0131lmas\u0131, cildin d\u00fczenli olarak temizlenmesi ve nemlendirilmesi gibi ad\u0131mlar, ciltteki kararmay\u0131 \u00f6nleyebilir ve sa\u011fl\u0131kl\u0131 bir cilt tonu elde etmenize yard\u0131mc\u0131 olabilir.<\/span><span data-ccp-props=\"{&quot;201341983&quot;:0,&quot;335559739&quot;:160,&quot;335559740&quot;:279}\">\u00a0<\/span><\/li><\/ul>\t\t\t\t\t\t\t\t<\/div>\n\t\t\t\t<div class=\"elementor-element elementor-element-20c78d5 elementor-widget elementor-widget-text-editor\" data-id=\"20c78d5\" data-element_type=\"widget\" data-e-type=\"widget\" data-settings=\"{&quot;ekit_we_effect_on&quot;:&quot;none&quot;}\" data-widget_type=\"text-editor.default\">\n\t\t\t\t\t\t\t\t\t<p><span class=\"NormalTextRun SCXW151695100 BCX0\">Unutmay\u0131n, herhangi bir tedavi y\u00f6ntemine ba\u015flamadan \u00f6nce bir <\/span><span class=\"SpellingError SCXW151695100 BCX0\">dermatologa<\/span><span class=\"NormalTextRun SCXW151695100 BCX0\"> dan\u0131\u015fmak, en do\u011fru ve g\u00fcvenli yakla\u015f\u0131m olacakt\u0131r. \u015eimdi, bu y\u00f6ntemleri daha detayl\u0131 inceleyelim.<\/span><\/p>\t\t\t\t\t\t\t\t<\/div>\n\t\t\t\t<div class=\"elementor-element elementor-element-b603019 elementor-widget elementor-widget-heading\" data-id=\"b603019\" data-element_type=\"widget\" data-e-type=\"widget\" data-settings=\"{&quot;ekit_we_effect_on&quot;:&quot;none&quot;}\" data-widget_type=\"heading.default\">\n\t\t\t\t\t<h2 class=\"elementor-heading-title elementor-size-default\"><span class=\"ez-toc-section\" id=\"Koltuk_Alti_Kararmasi_Icin_Tibbi_Tedaviler\"><\/span>Koltuk Alt\u0131 Kararmas\u0131 \u0130\u00e7in T\u0131bbi Tedaviler <span class=\"ez-toc-section-end\"><\/span><\/h2>\t\t\t\t<\/div>\n\t\t\t\t<div class=\"elementor-element elementor-element-2e23df2 elementor-widget elementor-widget-image\" data-id=\"2e23df2\" data-element_type=\"widget\" data-e-type=\"widget\" data-settings=\"{&quot;ekit_we_effect_on&quot;:&quot;none&quot;}\" data-widget_type=\"image.default\">\n\t\t\t\t\t\t\t\t\t\t\t\t\t\t\t<img decoding=\"async\" width=\"800\" height=\"534\" src=\"https:\/\/medlook.com.tr\/wp-content\/uploads\/2024\/09\/koltuk-alti-tedavisi.webp\" class=\"attachment-large size-large wp-image-12635\" alt=\"\" srcset=\"https:\/\/medlook.com.tr\/wp-content\/uploads\/2024\/09\/koltuk-alti-tedavisi.webp 1000w, https:\/\/medlook.com.tr\/wp-content\/uploads\/2024\/09\/koltuk-alti-tedavisi-300x200.webp 300w, https:\/\/medlook.com.tr\/wp-content\/uploads\/2024\/09\/koltuk-alti-tedavisi-768x512.webp 768w\" sizes=\"(max-width: 800px) 100vw, 800px\" loading=\"eager\" title=\"\">\t\t\t\t\t\t\t\t\t\t\t\t\t\t\t<\/div>\n\t\t\t\t<div class=\"elementor-element elementor-element-da4afe5 elementor-widget elementor-widget-text-editor\" data-id=\"da4afe5\" data-element_type=\"widget\" data-e-type=\"widget\" data-settings=\"{&quot;ekit_we_effect_on&quot;:&quot;none&quot;}\" data-widget_type=\"text-editor.default\">\n\t\t\t\t\t\t\t\t\t<p><span class=\"TextRun SCXW124447946 BCX0\" lang=\"TR-TR\" xml:lang=\"TR-TR\" data-contrast=\"auto\"><span class=\"NormalTextRun SCXW124447946 BCX0\">Koltuk alt\u0131 kararmas\u0131yla m\u00fccadelede\u00a0<a href=\"https:\/\/medlook.com.tr\/medikal-estetik-anti-aging\/\" target=\"_blank\" rel=\"noopener\">medikal estetik tedaviler<\/a>,\u00a0<a href=\"https:\/\/medlook.com.tr\/medikal-estetik-anti-aging\/anti-aging-vucut\/koltukalti-beyazlatma\/\" target=\"_blank\" rel=\"noopener\">koltuk alt\u0131 beyazlatma<\/a>da h\u0131zl\u0131 ve etkili sonu\u00e7lar elde etmek isteyenler i\u00e7in g\u00fc\u00e7l\u00fc bir se\u00e7enek sunar. Dermatologlar, cilt tonunuzu e\u015fitlemek ve kararman\u0131n g\u00f6r\u00fcn\u00fcm\u00fcn\u00fc azaltmak i\u00e7in \u00e7e\u015fitli y\u00f6ntemler \u00f6nerebilir.<\/span><\/span><span class=\"EOP SCXW124447946 BCX0\" data-ccp-props=\"{&quot;134233117&quot;:false,&quot;134233118&quot;:false,&quot;201341983&quot;:0,&quot;335559738&quot;:240,&quot;335559739&quot;:240,&quot;335559740&quot;:279}\">\u00a0<\/span><\/p>\t\t\t\t\t\t\t\t<\/div>\n\t\t\t\t<div class=\"elementor-element elementor-element-d931b2a elementor-widget elementor-widget-heading\" data-id=\"d931b2a\" data-element_type=\"widget\" data-e-type=\"widget\" data-settings=\"{&quot;ekit_we_effect_on&quot;:&quot;none&quot;}\" data-widget_type=\"heading.default\">\n\t\t\t\t\t<h3 class=\"elementor-heading-title elementor-size-default\"><span class=\"ez-toc-section\" id=\"1_PRX-T33_ile_Cilt_Bakimi\"><\/span>1. PRX-T33 ile Cilt Bak\u0131m\u0131 <span class=\"ez-toc-section-end\"><\/span><\/h3>\t\t\t\t<\/div>\n\t\t\t\t<div class=\"elementor-element elementor-element-4cf9eb4 elementor-widget elementor-widget-text-editor\" data-id=\"4cf9eb4\" data-element_type=\"widget\" data-e-type=\"widget\" data-settings=\"{&quot;ekit_we_effect_on&quot;:&quot;none&quot;}\" data-widget_type=\"text-editor.default\">\n\t\t\t\t\t\t\t\t\t<p><span data-contrast=\"auto\"><a href=\"https:\/\/medlook.com.tr\/medikal-estetik-anti-aging\/cilt-bakimi\/prx-t-farki-ile-cilt-bakimi\/\">PRX-T33<\/a> cilt dokusunu yenileme ve canland\u0131rma \u00f6zelli\u011fi olan i\u011fnesiz uygulanan bir y\u00f6ntemdir.<\/span><span data-ccp-props=\"{&quot;134233117&quot;:false,&quot;134233118&quot;:false,&quot;201341983&quot;:0,&quot;335551550&quot;:1,&quot;335551620&quot;:1,&quot;335559685&quot;:0,&quot;335559737&quot;:0,&quot;335559738&quot;:240,&quot;335559739&quot;:240,&quot;335559740&quot;:279}\">\u00a0<\/span><\/p><ul><li data-leveltext=\"\uf0b7\" data-font=\"Symbol\" data-listid=\"9\" data-list-defn-props=\"{&quot;335552541&quot;:1,&quot;335559683&quot;:0,&quot;335559684&quot;:-2,&quot;335559685&quot;:720,&quot;335559991&quot;:360,&quot;469769226&quot;:&quot;Symbol&quot;,&quot;469769242&quot;:[8226],&quot;469777803&quot;:&quot;left&quot;,&quot;469777804&quot;:&quot;\uf0b7&quot;,&quot;469777815&quot;:&quot;hybridMultilevel&quot;}\" aria-setsize=\"-1\" data-aria-posinset=\"1\" data-aria-level=\"1\"><span data-contrast=\"auto\">Y\u00fcz ve boyundaki minik \u00e7izgileri hafifletir,<\/span><span data-ccp-props=\"{&quot;134233117&quot;:false,&quot;134233118&quot;:false,&quot;201341983&quot;:0,&quot;335551550&quot;:1,&quot;335551620&quot;:1,&quot;335559737&quot;:0,&quot;335559738&quot;:240,&quot;335559739&quot;:240,&quot;335559740&quot;:279}\">\u00a0<\/span><\/li><\/ul><ul><li data-leveltext=\"\uf0b7\" data-font=\"Symbol\" data-listid=\"9\" data-list-defn-props=\"{&quot;335552541&quot;:1,&quot;335559683&quot;:0,&quot;335559684&quot;:-2,&quot;335559685&quot;:720,&quot;335559991&quot;:360,&quot;469769226&quot;:&quot;Symbol&quot;,&quot;469769242&quot;:[8226],&quot;469777803&quot;:&quot;left&quot;,&quot;469777804&quot;:&quot;\uf0b7&quot;,&quot;469777815&quot;:&quot;hybridMultilevel&quot;}\" aria-setsize=\"-1\" data-aria-posinset=\"2\" data-aria-level=\"1\"><span data-contrast=\"auto\">Cilt gen\u00e7le\u015fmesini sa\u011flar,<\/span><span data-ccp-props=\"{&quot;134233117&quot;:false,&quot;134233118&quot;:false,&quot;201341983&quot;:0,&quot;335551550&quot;:1,&quot;335551620&quot;:1,&quot;335559737&quot;:0,&quot;335559738&quot;:240,&quot;335559739&quot;:240,&quot;335559740&quot;:279}\">\u00a0<\/span><\/li><\/ul><ul><li data-leveltext=\"\uf0b7\" data-font=\"Symbol\" data-listid=\"9\" data-list-defn-props=\"{&quot;335552541&quot;:1,&quot;335559683&quot;:0,&quot;335559684&quot;:-2,&quot;335559685&quot;:720,&quot;335559991&quot;:360,&quot;469769226&quot;:&quot;Symbol&quot;,&quot;469769242&quot;:[8226],&quot;469777803&quot;:&quot;left&quot;,&quot;469777804&quot;:&quot;\uf0b7&quot;,&quot;469777815&quot;:&quot;hybridMultilevel&quot;}\" aria-setsize=\"-1\" data-aria-posinset=\"3\" data-aria-level=\"1\"><span data-contrast=\"auto\">Lekelerin giderilmesini sa\u011flad\u0131\u011f\u0131 gibi yeniden olu\u015fmas\u0131n\u0131 da engeller (\u00f6zellikle g\u00fcne\u015f lekelerinde s\u0131kl\u0131kla tercih edilmektedir)<\/span><span data-ccp-props=\"{&quot;134233117&quot;:false,&quot;134233118&quot;:false,&quot;201341983&quot;:0,&quot;335551550&quot;:1,&quot;335551620&quot;:1,&quot;335559737&quot;:0,&quot;335559738&quot;:240,&quot;335559739&quot;:240,&quot;335559740&quot;:279}\">\u00a0<\/span><\/li><\/ul><ul><li data-leveltext=\"\uf0b7\" data-font=\"Symbol\" data-listid=\"9\" data-list-defn-props=\"{&quot;335552541&quot;:1,&quot;335559683&quot;:0,&quot;335559684&quot;:-2,&quot;335559685&quot;:720,&quot;335559991&quot;:360,&quot;469769226&quot;:&quot;Symbol&quot;,&quot;469769242&quot;:[8226],&quot;469777803&quot;:&quot;left&quot;,&quot;469777804&quot;:&quot;\uf0b7&quot;,&quot;469777815&quot;:&quot;hybridMultilevel&quot;}\" aria-setsize=\"-1\" data-aria-posinset=\"4\" data-aria-level=\"1\"><span data-contrast=\"auto\">Cilt tonunu dengeler<\/span><span data-ccp-props=\"{&quot;134233117&quot;:false,&quot;134233118&quot;:false,&quot;201341983&quot;:0,&quot;335551550&quot;:1,&quot;335551620&quot;:1,&quot;335559737&quot;:0,&quot;335559738&quot;:240,&quot;335559739&quot;:240,&quot;335559740&quot;:279}\">\u00a0<\/span><\/li><\/ul><ul><li data-leveltext=\"\uf0b7\" data-font=\"Symbol\" data-listid=\"9\" data-list-defn-props=\"{&quot;335552541&quot;:1,&quot;335559683&quot;:0,&quot;335559684&quot;:-2,&quot;335559685&quot;:720,&quot;335559991&quot;:360,&quot;469769226&quot;:&quot;Symbol&quot;,&quot;469769242&quot;:[8226],&quot;469777803&quot;:&quot;left&quot;,&quot;469777804&quot;:&quot;\uf0b7&quot;,&quot;469777815&quot;:&quot;hybridMultilevel&quot;}\" aria-setsize=\"-1\" data-aria-posinset=\"5\" data-aria-level=\"1\"><span data-contrast=\"auto\">Yara ve akne (sivilce) izlerinin tedavisinde kullan\u0131l\u0131r <\/span><span data-ccp-props=\"{&quot;134233117&quot;:false,&quot;134233118&quot;:false,&quot;201341983&quot;:0,&quot;335551550&quot;:1,&quot;335551620&quot;:1,&quot;335559737&quot;:0,&quot;335559738&quot;:240,&quot;335559739&quot;:240,&quot;335559740&quot;:279}\">\u00a0<\/span><\/li><\/ul><ul><li data-leveltext=\"\uf0b7\" data-font=\"Symbol\" data-listid=\"9\" data-list-defn-props=\"{&quot;335552541&quot;:1,&quot;335559683&quot;:0,&quot;335559684&quot;:-2,&quot;335559685&quot;:720,&quot;335559991&quot;:360,&quot;469769226&quot;:&quot;Symbol&quot;,&quot;469769242&quot;:[8226],&quot;469777803&quot;:&quot;left&quot;,&quot;469777804&quot;:&quot;\uf0b7&quot;,&quot;469777815&quot;:&quot;hybridMultilevel&quot;}\" aria-setsize=\"-1\" data-aria-posinset=\"6\" data-aria-level=\"1\"><span data-contrast=\"auto\">Sadece y\u00fcz ve boyunda de\u011fil cilt \u00e7atlaklar\u0131n\u0131n tedavisinde de kullan\u0131lmaktad\u0131r.\u00a0<\/span><span data-ccp-props=\"{&quot;134233117&quot;:false,&quot;134233118&quot;:false,&quot;201341983&quot;:0,&quot;335551550&quot;:1,&quot;335551620&quot;:1,&quot;335559737&quot;:0,&quot;335559738&quot;:240,&quot;335559739&quot;:240,&quot;335559740&quot;:279}\">\u00a0<\/span><\/li><\/ul><p><span data-contrast=\"auto\">Tek ba\u015f\u0131na bile olduk\u00e7a efektif sonu\u00e7lar yaratabilen\u00a0<a href=\"https:\/\/medlook.com.tr\/medikal-estetik-anti-aging\/cilt-bakimi\/prx-t-farki-ile-cilt-bakimi\/\" target=\"_blank\" rel=\"noopener\">PRX-T33<\/a>\u2019\u00fc Klini\u011fimizde \u00e7o\u011fu zaman ba\u015fka bir tedavi methodu ile kombine ederek uygulamaktay\u0131z. Bu kombinasyonlar\u0131n ba\u015f\u0131nda Hydrafacial cilt bak\u0131m\u0131 + PRX-T33 gelmektedir.<\/span><span data-ccp-props=\"{&quot;134233117&quot;:false,&quot;134233118&quot;:false,&quot;201341983&quot;:0,&quot;335551550&quot;:1,&quot;335551620&quot;:1,&quot;335559685&quot;:0,&quot;335559737&quot;:0,&quot;335559738&quot;:240,&quot;335559739&quot;:240,&quot;335559740&quot;:279}\">\u00a0<\/span><\/p><p><span data-contrast=\"auto\"><a href=\"https:\/\/medlook.com.tr\/medikal-estetik-anti-aging\/cilt-bakimi\/hydrafacial-cilt-bakimi\/\">Hydrafacial<\/a>; kendisine sadece cilt bak\u0131m\u0131 denilmesinin \u00e7ok hafif kalaca\u011f\u0131 olduk\u00e7a \u00f6zellikli bir uygulamad\u0131r. Hydrafacial\u2019da; cilt dokusu derinlemesine temizlenirken ayn\u0131 anda ki\u015fiye \u00f6zel se\u00e7ilen nemlendirici ve anti-aging \u00f6zellik ta\u015f\u0131yan \u00fcr\u00fcnler cilde uygulan\u0131r. <\/span><span data-ccp-props=\"{&quot;134233117&quot;:false,&quot;134233118&quot;:false,&quot;201341983&quot;:0,&quot;335551550&quot;:1,&quot;335551620&quot;:1,&quot;335559685&quot;:0,&quot;335559737&quot;:0,&quot;335559738&quot;:240,&quot;335559739&quot;:240,&quot;335559740&quot;:279}\">\u00a0<\/span><\/p><p><span data-contrast=\"auto\">Hydrafacial ile yap\u0131lan bu i\u015flemi takiben yap\u0131lan PRX-T33 uygulamas\u0131 ile cildiniz an\u0131nda parlar, mimik \u00e7izgileriniz a\u00e7\u0131l\u0131r, ciltte canlanma sa\u011flan\u0131r, ilk seansta bile lekelerde azalma g\u00f6zlenir.<\/span><span data-ccp-props=\"{&quot;134233117&quot;:false,&quot;134233118&quot;:false,&quot;201341983&quot;:0,&quot;335551550&quot;:1,&quot;335551620&quot;:1,&quot;335559685&quot;:0,&quot;335559737&quot;:0,&quot;335559738&quot;:240,&quot;335559739&quot;:240,&quot;335559740&quot;:279}\">\u00a0<\/span><\/p>\t\t\t\t\t\t\t\t<\/div>\n\t\t\t\t<div class=\"elementor-element elementor-element-3049e96 elementor-widget elementor-widget-text-editor\" data-id=\"3049e96\" data-element_type=\"widget\" data-e-type=\"widget\" data-settings=\"{&quot;ekit_we_effect_on&quot;:&quot;none&quot;}\" data-widget_type=\"text-editor.default\">\n\t\t\t\t\t\t\t\t\t<h3><span class=\"ez-toc-section\" id=\"2_Topikal_Kremler_ve_Losyonlar\"><\/span><b><i><span data-contrast=\"none\">2. Topikal Kremler ve Losyonlar<\/span><\/i><\/b><span class=\"ez-toc-section-end\"><\/span><\/h3><p><span data-contrast=\"auto\">Re\u00e7eteli veya re\u00e7etesiz sat\u0131lan baz\u0131 kremler ve losyonlar, ciltteki renk e\u015fitsizliklerini gidermeye ve kararman\u0131n g\u00f6r\u00fcn\u00fcm\u00fcn\u00fc azaltmaya yard\u0131mc\u0131 olabilir. Bu \u00fcr\u00fcnler genellikle a\u015fa\u011f\u0131daki gibi aktif bile\u015fenler i\u00e7erir:<\/span><span data-ccp-props=\"{&quot;134233117&quot;:false,&quot;134233118&quot;:false,&quot;201341983&quot;:0,&quot;335559738&quot;:240,&quot;335559739&quot;:240,&quot;335559740&quot;:279}\">\u00a0<\/span><\/p><ul><li data-leveltext=\"\uf0b7\" data-font=\"Symbol\" data-listid=\"2\" data-list-defn-props=\"{&quot;335552541&quot;:1,&quot;335559685&quot;:720,&quot;335559991&quot;:360,&quot;469769226&quot;:&quot;Symbol&quot;,&quot;469769242&quot;:[8226],&quot;469777803&quot;:&quot;left&quot;,&quot;469777804&quot;:&quot;\uf0b7&quot;,&quot;469777815&quot;:&quot;hybridMultilevel&quot;}\" aria-setsize=\"-1\" data-aria-posinset=\"13\" data-aria-level=\"1\"><b><span data-contrast=\"auto\">Hidrokinon:<\/span><\/b><span data-contrast=\"auto\"> Melanin \u00fcretimini azaltarak ciltteki koyu lekeleri hafifletir.<\/span><span data-ccp-props=\"{&quot;134233117&quot;:false,&quot;134233118&quot;:false,&quot;201341983&quot;:0,&quot;335559738&quot;:0,&quot;335559739&quot;:0,&quot;335559740&quot;:279}\">\u00a0<\/span><\/li><\/ul><ul><li data-leveltext=\"\uf0b7\" data-font=\"Symbol\" data-listid=\"2\" data-list-defn-props=\"{&quot;335552541&quot;:1,&quot;335559685&quot;:720,&quot;335559991&quot;:360,&quot;469769226&quot;:&quot;Symbol&quot;,&quot;469769242&quot;:[8226],&quot;469777803&quot;:&quot;left&quot;,&quot;469777804&quot;:&quot;\uf0b7&quot;,&quot;469777815&quot;:&quot;hybridMultilevel&quot;}\" aria-setsize=\"-1\" data-aria-posinset=\"14\" data-aria-level=\"1\"><b><span data-contrast=\"auto\">Retinoidler:<\/span><\/b><span data-contrast=\"auto\"> Cilt h\u00fccrelerinin yenilenmesini h\u0131zland\u0131rarak cilt tonunu e\u015fitler ve ciltteki kal\u0131nla\u015fmay\u0131 azalt\u0131r.<\/span><span data-ccp-props=\"{&quot;134233117&quot;:false,&quot;134233118&quot;:false,&quot;201341983&quot;:0,&quot;335559738&quot;:0,&quot;335559739&quot;:0,&quot;335559740&quot;:279}\">\u00a0<\/span><\/li><\/ul><ul><li data-leveltext=\"\uf0b7\" data-font=\"Symbol\" data-listid=\"2\" data-list-defn-props=\"{&quot;335552541&quot;:1,&quot;335559685&quot;:720,&quot;335559991&quot;:360,&quot;469769226&quot;:&quot;Symbol&quot;,&quot;469769242&quot;:[8226],&quot;469777803&quot;:&quot;left&quot;,&quot;469777804&quot;:&quot;\uf0b7&quot;,&quot;469777815&quot;:&quot;hybridMultilevel&quot;}\" aria-setsize=\"-1\" data-aria-posinset=\"15\" data-aria-level=\"1\"><b><span data-contrast=\"auto\">Alfa Hidroksi Asitler (AHA):<\/span><\/b><span data-contrast=\"auto\"> \u00d6l\u00fc deri h\u00fccrelerini soyarak cildin yenilenmesine ve daha parlak bir g\u00f6r\u00fcn\u00fcm kazanmas\u0131na yard\u0131mc\u0131 olur.<\/span><span data-ccp-props=\"{&quot;134233117&quot;:false,&quot;134233118&quot;:false,&quot;201341983&quot;:0,&quot;335559738&quot;:0,&quot;335559739&quot;:0,&quot;335559740&quot;:279}\">\u00a0<\/span><\/li><\/ul><ul><li data-leveltext=\"\uf0b7\" data-font=\"Symbol\" data-listid=\"2\" data-list-defn-props=\"{&quot;335552541&quot;:1,&quot;335559685&quot;:720,&quot;335559991&quot;:360,&quot;469769226&quot;:&quot;Symbol&quot;,&quot;469769242&quot;:[8226],&quot;469777803&quot;:&quot;left&quot;,&quot;469777804&quot;:&quot;\uf0b7&quot;,&quot;469777815&quot;:&quot;hybridMultilevel&quot;}\" aria-setsize=\"-1\" data-aria-posinset=\"16\" data-aria-level=\"1\"><b><span data-contrast=\"auto\">Azelaik Asit:<\/span><\/b><span data-contrast=\"auto\"> Melanin \u00fcretimini bask\u0131layarak ciltteki koyu lekeleri hafifletir ve anti-enflamatuar \u00f6zelliklere sahiptir.<\/span><span data-ccp-props=\"{&quot;134233117&quot;:false,&quot;134233118&quot;:false,&quot;201341983&quot;:0,&quot;335559738&quot;:0,&quot;335559739&quot;:0,&quot;335559740&quot;:279}\">\u00a0<\/span><\/li><\/ul><ul><li data-leveltext=\"\uf0b7\" data-font=\"Symbol\" data-listid=\"2\" data-list-defn-props=\"{&quot;335552541&quot;:1,&quot;335559685&quot;:720,&quot;335559991&quot;:360,&quot;469769226&quot;:&quot;Symbol&quot;,&quot;469769242&quot;:[8226],&quot;469777803&quot;:&quot;left&quot;,&quot;469777804&quot;:&quot;\uf0b7&quot;,&quot;469777815&quot;:&quot;hybridMultilevel&quot;}\" aria-setsize=\"-1\" data-aria-posinset=\"17\" data-aria-level=\"1\"><b><span data-contrast=\"auto\">Kojik Asit:<\/span><\/b><span data-contrast=\"auto\"> Melanin \u00fcretimini engelleyerek ciltteki koyu lekelerin g\u00f6r\u00fcn\u00fcm\u00fcn\u00fc azalt\u0131r.<\/span><span data-ccp-props=\"{&quot;134233117&quot;:false,&quot;134233118&quot;:false,&quot;201341983&quot;:0,&quot;335559738&quot;:0,&quot;335559739&quot;:0,&quot;335559740&quot;:279}\">\u00a0<\/span><\/li><\/ul>\t\t\t\t\t\t\t\t<\/div>\n\t\t\t\t<div class=\"elementor-element elementor-element-72d00a6 elementor-widget elementor-widget-text-editor\" data-id=\"72d00a6\" data-element_type=\"widget\" data-e-type=\"widget\" data-settings=\"{&quot;ekit_we_effect_on&quot;:&quot;none&quot;}\" data-widget_type=\"text-editor.default\">\n\t\t\t\t\t\t\t\t\t<h3><span class=\"ez-toc-section\" id=\"3_Kimyasal_Peeling\"><\/span><b><i><span data-contrast=\"none\">3. Kimyasal Peeling<\/span><\/i><\/b><span class=\"ez-toc-section-end\"><\/span><\/h3><p><span data-contrast=\"auto\">Cildin \u00fcst tabakas\u0131n\u0131 soyarak daha parlak ve e\u015fit tonlu bir cilt elde edilmesini sa\u011flar. Bu i\u015flem, \u00f6zellikle koyu lekelerin hafifletilmesinde ve ciltteki kal\u0131nla\u015fman\u0131n azalt\u0131lmas\u0131nda etkili olabilir. Dermatologlar, cilt tipinize ve kararman\u0131n \u015fiddetine uygun peeling sol\u00fcsyonunu se\u00e7erek i\u015flemi ger\u00e7ekle\u015ftirir.<\/span><span data-ccp-props=\"{&quot;134233117&quot;:false,&quot;134233118&quot;:false,&quot;201341983&quot;:0,&quot;335559738&quot;:240,&quot;335559739&quot;:240,&quot;335559740&quot;:279}\">\u00a0<\/span><\/p><h3><span class=\"ez-toc-section\" id=\"4_Lazer_Tedavisi\"><\/span><b><i><span data-contrast=\"none\">4. Lazer Tedavisi<\/span><\/i><\/b><span class=\"ez-toc-section-end\"><\/span><\/h3><p><span data-contrast=\"auto\">Ciltteki fazla melanin pigmentini hedef alarak yok eder ve cilt rengini a\u00e7ar.\u00a0<a href=\"https:\/\/medlook.com.tr\/medikal-estetik-anti-aging\/anti-aging-vucut\/koltukalti-beyazlatma\/\" target=\"_blank\" rel=\"noopener\">Koltuk alt\u0131 beyazlatma<\/a>\u00a0y\u00f6ntemi, di\u011ferlerine g\u00f6re daha h\u0131zl\u0131 ve kal\u0131c\u0131 sonu\u00e7lar sunabilir. Ancak, lazer tedavisi daha maliyetli olabilir ve baz\u0131 ki\u015filerde ge\u00e7ici yan etkilere (k\u0131zar\u0131kl\u0131k, \u015fi\u015flik, hassasiyet gibi) neden olabilir.<\/span><span data-ccp-props=\"{&quot;134233117&quot;:false,&quot;134233118&quot;:false,&quot;201341983&quot;:0,&quot;335559738&quot;:240,&quot;335559739&quot;:240,&quot;335559740&quot;:279}\">\u00a0<\/span><\/p><p><b><span data-contrast=\"auto\">\u00d6nemli Not:<\/span><\/b><span data-contrast=\"auto\"> T\u0131bbi tedaviler, bir dermatolog g\u00f6zetiminde uygulanmal\u0131d\u0131r. Her tedavi y\u00f6nteminin potansiyel yan etkileri ve riskleri olabilir. Doktorunuz, cilt tipinizi ve kararman\u0131n nedenini de\u011ferlendirerek sizin i\u00e7in en uygun tedavi se\u00e7ene\u011fini belirleyecektir.<\/span><span data-ccp-props=\"{&quot;134233117&quot;:false,&quot;134233118&quot;:false,&quot;201341983&quot;:0,&quot;335559738&quot;:240,&quot;335559739&quot;:240,&quot;335559740&quot;:279}\">\u00a0<\/span><\/p>\t\t\t\t\t\t\t\t<\/div>\n\t\t\t\t<div class=\"elementor-element elementor-element-82ec69c elementor-widget elementor-widget-heading\" data-id=\"82ec69c\" data-element_type=\"widget\" data-e-type=\"widget\" data-settings=\"{&quot;ekit_we_effect_on&quot;:&quot;none&quot;}\" data-widget_type=\"heading.default\">\n\t\t\t\t\t<h2 class=\"elementor-heading-title elementor-size-default\"><span class=\"ez-toc-section\" id=\"Evde_Uygulanabilecek_Dogal_Cozumler\"><\/span>Evde Uygulanabilecek Do\u011fal \u00c7\u00f6z\u00fcmler <span class=\"ez-toc-section-end\"><\/span><\/h2>\t\t\t\t<\/div>\n\t\t\t\t<div class=\"elementor-element elementor-element-e266689 elementor-widget elementor-widget-image\" data-id=\"e266689\" data-element_type=\"widget\" data-e-type=\"widget\" data-settings=\"{&quot;ekit_we_effect_on&quot;:&quot;none&quot;}\" data-widget_type=\"image.default\">\n\t\t\t\t\t\t\t\t\t\t\t\t\t\t\t<img decoding=\"async\" width=\"800\" height=\"554\" src=\"https:\/\/medlook.com.tr\/wp-content\/uploads\/2024\/09\/koltuk-alti-kararmasi-evde-nasil-gecer.webp\" class=\"attachment-large size-large wp-image-12638\" alt=\"\" srcset=\"https:\/\/medlook.com.tr\/wp-content\/uploads\/2024\/09\/koltuk-alti-kararmasi-evde-nasil-gecer.webp 1000w, https:\/\/medlook.com.tr\/wp-content\/uploads\/2024\/09\/koltuk-alti-kararmasi-evde-nasil-gecer-300x208.webp 300w, https:\/\/medlook.com.tr\/wp-content\/uploads\/2024\/09\/koltuk-alti-kararmasi-evde-nasil-gecer-768x532.webp 768w\" sizes=\"(max-width: 800px) 100vw, 800px\" loading=\"eager\" title=\"\">\t\t\t\t\t\t\t\t\t\t\t\t\t\t\t<\/div>\n\t\t\t\t<div class=\"elementor-element elementor-element-8590809 elementor-widget elementor-widget-text-editor\" data-id=\"8590809\" data-element_type=\"widget\" data-e-type=\"widget\" data-settings=\"{&quot;ekit_we_effect_on&quot;:&quot;none&quot;}\" data-widget_type=\"text-editor.default\">\n\t\t\t\t\t\t\t\t\t<p><span class=\"TextRun SCXW232900449 BCX0\" lang=\"TR-TR\" xml:lang=\"TR-TR\" data-contrast=\"auto\"><span class=\"NormalTextRun SCXW232900449 BCX0\">Koltuk alt\u0131 kararmas\u0131n\u0131 hafifletmek ve cilt tonunuzu e\u015fitlemek i\u00e7in evde uygulayabilece\u011finiz baz\u0131 do\u011fal y\u00f6ntemler bulunmaktad\u0131r. Bu y\u00f6ntemler, do\u011fal i\u00e7eriklerle haz\u0131rland\u0131\u011f\u0131 i\u00e7in genellikle daha g\u00fcvenli ve naziktir. Ancak, herhangi bir alerjik reaksiyon veya cilt tahri\u015fi durumunda kullan\u0131m\u0131 b\u0131rak\u0131p bir <\/span><span class=\"SpellingError SCXW232900449 BCX0\">dermatologa<\/span><span class=\"NormalTextRun SCXW232900449 BCX0\"> dan\u0131\u015fmak \u00f6nemlidir.<\/span><\/span><span class=\"EOP SCXW232900449 BCX0\" data-ccp-props=\"{&quot;134233117&quot;:false,&quot;134233118&quot;:false,&quot;201341983&quot;:0,&quot;335559738&quot;:240,&quot;335559739&quot;:240,&quot;335559740&quot;:279}\">\u00a0<\/span><\/p>\t\t\t\t\t\t\t\t<\/div>\n\t\t\t\t<section class=\"elementor-section elementor-inner-section elementor-element elementor-element-ce2f606 elementor-section-boxed elementor-section-height-default elementor-section-height-default\" data-id=\"ce2f606\" data-element_type=\"section\" data-e-type=\"section\" data-settings=\"{&quot;ekit_has_onepagescroll_dot&quot;:&quot;yes&quot;}\">\n\t\t\t\t\t\t<div class=\"elementor-container elementor-column-gap-default\">\n\t\t\t\t\t<div class=\"elementor-column elementor-col-50 elementor-inner-column elementor-element elementor-element-9462d5f\" data-id=\"9462d5f\" data-element_type=\"column\" data-e-type=\"column\">\n\t\t\t<div class=\"elementor-widget-wrap elementor-element-populated\">\n\t\t\t\t\t\t<div class=\"elementor-element elementor-element-222ece2 elementor-widget elementor-widget-text-editor\" data-id=\"222ece2\" data-element_type=\"widget\" data-e-type=\"widget\" data-settings=\"{&quot;ekit_we_effect_on&quot;:&quot;none&quot;}\" data-widget_type=\"text-editor.default\">\n\t\t\t\t\t\t\t\t\t<p><b><i><span data-contrast=\"none\"> Limon Suyu<\/span><\/i><\/b><\/p><p><span data-contrast=\"auto\">Limon suyu, do\u011fal bir asit ve hafif bir beyazlat\u0131c\u0131 ajan olarak ciltteki koyu lekeleri a\u00e7maya yard\u0131mc\u0131 olabilir. C vitamini i\u00e7eri\u011fi sayesinde cilt tonunu e\u015fitler ve \u00f6l\u00fc deri h\u00fccrelerini nazik\u00e7e soyar.<\/span><span data-ccp-props=\"{&quot;134233117&quot;:false,&quot;134233118&quot;:false,&quot;201341983&quot;:0,&quot;335559738&quot;:240,&quot;335559739&quot;:240,&quot;335559740&quot;:279}\">\u00a0<\/span><\/p><p><b><span data-contrast=\"auto\">Uygulama:<\/span><\/b><span data-contrast=\"auto\"> Pamuk yard\u0131m\u0131yla taze s\u0131k\u0131lm\u0131\u015f limon suyunu koltuk altlar\u0131n\u0131za uygulay\u0131n. 10-15 dakika beklettikten sonra \u0131l\u0131k suyla durulay\u0131n. Bu i\u015flemi haftada birka\u00e7 kez tekrarlayabilirsiniz.<\/span><span data-ccp-props=\"{&quot;134233117&quot;:false,&quot;134233118&quot;:false,&quot;201341983&quot;:0,&quot;335559685&quot;:0,&quot;335559738&quot;:0,&quot;335559739&quot;:0,&quot;335559740&quot;:279}\">\u00a0<\/span><\/p>\t\t\t\t\t\t\t\t<\/div>\n\t\t\t\t\t<\/div>\n\t\t<\/div>\n\t\t\t\t<div class=\"elementor-column elementor-col-50 elementor-inner-column elementor-element elementor-element-c2756e5\" data-id=\"c2756e5\" data-element_type=\"column\" data-e-type=\"column\">\n\t\t\t<div class=\"elementor-widget-wrap elementor-element-populated\">\n\t\t\t\t\t\t<div class=\"elementor-element elementor-element-5a1c13e elementor-widget elementor-widget-text-editor\" data-id=\"5a1c13e\" data-element_type=\"widget\" data-e-type=\"widget\" data-settings=\"{&quot;ekit_we_effect_on&quot;:&quot;none&quot;}\" data-widget_type=\"text-editor.default\">\n\t\t\t\t\t\t\t\t\t<p><b><i><span data-contrast=\"none\"> Karbonat<\/span><\/i><\/b><\/p><p><span data-contrast=\"auto\">Karbonat, hafif bir peeling etkisi yaratarak \u00f6l\u00fc deri h\u00fccrelerini temizler ve cilt tonunu e\u015fitlemeye yard\u0131mc\u0131 olabilir. Ayr\u0131ca, antibakteriyel \u00f6zellikleri sayesinde ter kokusunu da azaltabilir.<\/span><span data-ccp-props=\"{&quot;134233117&quot;:false,&quot;134233118&quot;:false,&quot;201341983&quot;:0,&quot;335559738&quot;:240,&quot;335559739&quot;:240,&quot;335559740&quot;:279}\">\u00a0<\/span><\/p><p><b><span data-contrast=\"auto\">Uygulama:<\/span><\/b><span data-contrast=\"auto\"> Karbonat\u0131 suyla kar\u0131\u015ft\u0131rarak macun k\u0131vam\u0131na getirin. Nazik\u00e7e masaj yaparak uygulay\u0131n ve birka\u00e7 dakika sonra \u0131l\u0131k suyla durulay\u0131n. Haftada 1-2 kez tekrarlayabilirsiniz.<\/span><span data-ccp-props=\"{&quot;134233117&quot;:false,&quot;134233118&quot;:false,&quot;201341983&quot;:0,&quot;335559685&quot;:0,&quot;335559738&quot;:0,&quot;335559739&quot;:0,&quot;335559740&quot;:279}\">\u00a0<\/span><\/p>\t\t\t\t\t\t\t\t<\/div>\n\t\t\t\t\t<\/div>\n\t\t<\/div>\n\t\t\t\t\t<\/div>\n\t\t<\/section>\n\t\t\t\t<section class=\"elementor-section elementor-inner-section elementor-element elementor-element-3fa2cf1 elementor-section-boxed elementor-section-height-default elementor-section-height-default\" data-id=\"3fa2cf1\" data-element_type=\"section\" data-e-type=\"section\" data-settings=\"{&quot;ekit_has_onepagescroll_dot&quot;:&quot;yes&quot;}\">\n\t\t\t\t\t\t<div class=\"elementor-container elementor-column-gap-default\">\n\t\t\t\t\t<div class=\"elementor-column elementor-col-50 elementor-inner-column elementor-element elementor-element-588fb0e\" data-id=\"588fb0e\" data-element_type=\"column\" data-e-type=\"column\">\n\t\t\t<div class=\"elementor-widget-wrap elementor-element-populated\">\n\t\t\t\t\t\t<div class=\"elementor-element elementor-element-16081b9 elementor-widget elementor-widget-text-editor\" data-id=\"16081b9\" data-element_type=\"widget\" data-e-type=\"widget\" data-settings=\"{&quot;ekit_we_effect_on&quot;:&quot;none&quot;}\" data-widget_type=\"text-editor.default\">\n\t\t\t\t\t\t\t\t\t<p aria-level=\"3\"><b><i><span data-contrast=\"none\">Patates<\/span><\/i><\/b><span data-ccp-props=\"{&quot;134233117&quot;:false,&quot;134233118&quot;:false,&quot;134245418&quot;:true,&quot;134245529&quot;:true,&quot;201341983&quot;:0,&quot;335559738&quot;:281,&quot;335559739&quot;:281,&quot;335559740&quot;:279}\">\u00a0<\/span><\/p><p><span data-contrast=\"auto\">Patates, ciltteki renk de\u011fi\u015fikliklerini hafifletmeye yard\u0131mc\u0131 olabilecek enzimler i\u00e7erir. Ayr\u0131ca, cildi yat\u0131\u015ft\u0131r\u0131c\u0131 ve nemlendirici \u00f6zellikleri de bulunur.<\/span><span data-ccp-props=\"{&quot;134233117&quot;:false,&quot;134233118&quot;:false,&quot;201341983&quot;:0,&quot;335559738&quot;:240,&quot;335559739&quot;:240,&quot;335559740&quot;:279}\">\u00a0<\/span><\/p><p><b><span data-contrast=\"auto\">Uygulama: <\/span><\/b><span data-contrast=\"auto\">Patates dilimlerini koltuk altlar\u0131n\u0131za s\u00fcr\u00fcn veya rendelenmi\u015f patatesi uygulay\u0131p 15-20 dakika beklettikten sonra durulay\u0131n. Bu i\u015flemi g\u00fcnde bir kez tekrarlayabilirsiniz.<\/span><span data-ccp-props=\"{&quot;134233117&quot;:false,&quot;134233118&quot;:false,&quot;201341983&quot;:0,&quot;335559685&quot;:0,&quot;335559738&quot;:0,&quot;335559739&quot;:0,&quot;335559740&quot;:279}\">\u00a0<\/span><\/p>\t\t\t\t\t\t\t\t<\/div>\n\t\t\t\t\t<\/div>\n\t\t<\/div>\n\t\t\t\t<div class=\"elementor-column elementor-col-50 elementor-inner-column elementor-element elementor-element-0f4e503\" data-id=\"0f4e503\" data-element_type=\"column\" data-e-type=\"column\">\n\t\t\t<div class=\"elementor-widget-wrap elementor-element-populated\">\n\t\t\t\t\t\t<div class=\"elementor-element elementor-element-8919742 elementor-widget elementor-widget-text-editor\" data-id=\"8919742\" data-element_type=\"widget\" data-e-type=\"widget\" data-settings=\"{&quot;ekit_we_effect_on&quot;:&quot;none&quot;}\" data-widget_type=\"text-editor.default\">\n\t\t\t\t\t\t\t\t\t<p aria-level=\"3\"><b><i><span data-contrast=\"none\">Salatal\u0131k<\/span><\/i><\/b><span data-ccp-props=\"{&quot;134233117&quot;:false,&quot;134233118&quot;:false,&quot;134245418&quot;:true,&quot;134245529&quot;:true,&quot;201341983&quot;:0,&quot;335559738&quot;:281,&quot;335559739&quot;:281,&quot;335559740&quot;:279}\">\u00a0<\/span><\/p><p><span data-contrast=\"auto\">Salatal\u0131k, cildi nemlendirir ve yat\u0131\u015ft\u0131r\u0131r. Ayn\u0131 zamanda ciltteki renk e\u015fitsizliklerini hafifletmeye yard\u0131mc\u0131 olabilir ve serinletici etkisiyle rahatlama sa\u011flar.<\/span><span data-ccp-props=\"{&quot;134233117&quot;:false,&quot;134233118&quot;:false,&quot;201341983&quot;:0,&quot;335559738&quot;:240,&quot;335559739&quot;:240,&quot;335559740&quot;:279}\">\u00a0<\/span><\/p><p><b><span data-contrast=\"auto\">Uygulama:<\/span><\/b><span data-contrast=\"auto\"> Salatal\u0131k dilimlerini koltuk altlar\u0131n\u0131za yerle\u015ftirin veya rendelenmi\u015f salatal\u0131\u011f\u0131 uygulay\u0131p 10-15 dakika beklettikten sonra durulay\u0131n. Bu i\u015flemi g\u00fcnde bir kez tekrarlayabilirsiniz.<\/span><span data-ccp-props=\"{&quot;134233117&quot;:false,&quot;134233118&quot;:false,&quot;201341983&quot;:0,&quot;335559685&quot;:0,&quot;335559738&quot;:0,&quot;335559739&quot;:0,&quot;335559740&quot;:279}\">\u00a0<\/span><\/p>\t\t\t\t\t\t\t\t<\/div>\n\t\t\t\t\t<\/div>\n\t\t<\/div>\n\t\t\t\t\t<\/div>\n\t\t<\/section>\n\t\t\t\t<div class=\"elementor-element elementor-element-046f296 elementor-widget elementor-widget-text-editor\" data-id=\"046f296\" data-element_type=\"widget\" data-e-type=\"widget\" data-settings=\"{&quot;ekit_we_effect_on&quot;:&quot;none&quot;}\" data-widget_type=\"text-editor.default\">\n\t\t\t\t\t\t\t\t\t<p><strong><span class=\"TextRun SCXW24151300 BCX0\" lang=\"TR-TR\" xml:lang=\"TR-TR\" data-contrast=\"auto\"><span class=\"NormalTextRun SCXW24151300 BCX0\">Uyar\u0131:<\/span><\/span><\/strong><span class=\"TextRun SCXW24151300 BCX0\" lang=\"TR-TR\" xml:lang=\"TR-TR\" data-contrast=\"auto\"><span class=\"NormalTextRun SCXW24151300 BCX0\"> Do\u011fal \u00e7\u00f6z\u00fcmler genellikle g\u00fcvenli olsa da baz\u0131 ki\u015filerde alerjik reaksiyonlara veya cilt tahri\u015fine neden olabilir. Herhangi bir olumsuz reaksiyon durumunda uygulamay\u0131 b\u0131rak\u0131n ve bir doktora dan\u0131\u015f\u0131n<\/span><\/span><span class=\"EOP SCXW24151300 BCX0\" data-ccp-props=\"{&quot;134233117&quot;:false,&quot;134233118&quot;:false,&quot;201341983&quot;:0,&quot;335559738&quot;:240,&quot;335559739&quot;:240,&quot;335559740&quot;:279}\"><a href=\"https:\/\/istanbulhairinstitute.com\/\" target=\"_blank\" rel=\"noopener\">.<\/a>\u00a0<\/span><\/p>\t\t\t\t\t\t\t\t<\/div>\n\t\t\t\t<div class=\"elementor-element elementor-element-e2020d2 elementor-widget elementor-widget-heading\" data-id=\"e2020d2\" data-element_type=\"widget\" data-e-type=\"widget\" data-settings=\"{&quot;ekit_we_effect_on&quot;:&quot;none&quot;}\" data-widget_type=\"heading.default\">\n\t\t\t\t\t<h2 class=\"elementor-heading-title elementor-size-default\"><span class=\"ez-toc-section\" id=\"Sikca_Sorulan_Sorular_SSS\"><\/span>S\u0131k\u00e7a Sorulan Sorular (SSS) <span class=\"ez-toc-section-end\"><\/span><\/h2>\t\t\t\t<\/div>\n\t\t\t\t<div class=\"elementor-element elementor-element-28af78f elementor-widget elementor-widget-accordion\" data-id=\"28af78f\" data-element_type=\"widget\" data-e-type=\"widget\" data-settings=\"{&quot;ekit_we_effect_on&quot;:&quot;none&quot;}\" data-widget_type=\"accordion.default\">\n\t\t\t\t\t\t\t<div class=\"elementor-accordion\">\n\t\t\t\t\t\t\t<div class=\"elementor-accordion-item\">\n\t\t\t\t\t<div id=\"elementor-tab-title-4261\" class=\"elementor-tab-title\" data-tab=\"1\" role=\"button\" aria-controls=\"elementor-tab-content-4261\" aria-expanded=\"false\">\n\t\t\t\t\t\t\t\t\t\t\t\t\t<span class=\"elementor-accordion-icon elementor-accordion-icon-left\" aria-hidden=\"true\">\n\t\t\t\t\t\t\t\t\t\t\t\t\t\t\t<span class=\"elementor-accordion-icon-closed\"><svg class=\"e-font-icon-svg e-fas-plus\" viewBox=\"0 0 448 512\" xmlns=\"http:\/\/www.w3.org\/2000\/svg\"><path d=\"M416 208H272V64c0-17.67-14.33-32-32-32h-32c-17.67 0-32 14.33-32 32v144H32c-17.67 0-32 14.33-32 32v32c0 17.67 14.33 32 32 32h144v144c0 17.67 14.33 32 32 32h32c17.67 0 32-14.33 32-32V304h144c17.67 0 32-14.33 32-32v-32c0-17.67-14.33-32-32-32z\"><\/path><\/svg><\/span>\n\t\t\t\t\t\t\t\t<span class=\"elementor-accordion-icon-opened\"><svg class=\"e-font-icon-svg e-fas-minus\" viewBox=\"0 0 448 512\" xmlns=\"http:\/\/www.w3.org\/2000\/svg\"><path d=\"M416 208H32c-17.67 0-32 14.33-32 32v32c0 17.67 14.33 32 32 32h384c17.67 0 32-14.33 32-32v-32c0-17.67-14.33-32-32-32z\"><\/path><\/svg><\/span>\n\t\t\t\t\t\t\t\t\t\t\t\t\t\t<\/span>\n\t\t\t\t\t\t\t\t\t\t\t\t<a class=\"elementor-accordion-title\" tabindex=\"0\">Koltuk alt\u0131 kararmas\u0131 kal\u0131c\u0131 m\u0131d\u0131r? <\/a>\n\t\t\t\t\t<\/div>\n\t\t\t\t\t<div id=\"elementor-tab-content-4261\" class=\"elementor-tab-content elementor-clearfix\" data-tab=\"1\" role=\"region\" aria-labelledby=\"elementor-tab-title-4261\"><p><span class=\"TextRun SCXW47160721 BCX0\" lang=\"TR-TR\" xml:lang=\"TR-TR\" data-contrast=\"auto\"><span class=\"NormalTextRun SCXW47160721 BCX0\">Genellikle kal\u0131c\u0131 bir durum de\u011fildir. Altta yatan neden ortadan kald\u0131r\u0131ld\u0131\u011f\u0131nda veya uygun tedavi y\u00f6ntemleri uyguland\u0131\u011f\u0131nda, cilt tonu zamanla normale d\u00f6nebilir. Ancak, baz\u0131 durumlarda, \u00f6zellikle genetik fakt\u00f6rler veya <\/span><span class=\"SpellingError SCXW47160721 BCX0\">hormonal<\/span><span class=\"NormalTextRun SCXW47160721 BCX0\"> dengesizlikler s\u00f6z konusu oldu\u011funda, kararma tamamen ge\u00e7meyebilir. Bu gibi durumlarda, d\u00fczenli bak\u0131m ve tedavi y\u00f6ntemleriyle g\u00f6r\u00fcn\u00fcm hafifletilebilir.<\/span><\/span><span class=\"EOP SCXW47160721 BCX0\" data-ccp-props=\"{&quot;134233117&quot;:false,&quot;134233118&quot;:false,&quot;201341983&quot;:0,&quot;335559738&quot;:240,&quot;335559739&quot;:240,&quot;335559740&quot;:279}\">\u00a0<\/span><\/p><\/div>\n\t\t\t\t<\/div>\n\t\t\t\t\t\t\t<div class=\"elementor-accordion-item\">\n\t\t\t\t\t<div id=\"elementor-tab-title-4262\" class=\"elementor-tab-title\" data-tab=\"2\" role=\"button\" aria-controls=\"elementor-tab-content-4262\" aria-expanded=\"false\">\n\t\t\t\t\t\t\t\t\t\t\t\t\t<span class=\"elementor-accordion-icon elementor-accordion-icon-left\" aria-hidden=\"true\">\n\t\t\t\t\t\t\t\t\t\t\t\t\t\t\t<span class=\"elementor-accordion-icon-closed\"><svg class=\"e-font-icon-svg e-fas-plus\" viewBox=\"0 0 448 512\" xmlns=\"http:\/\/www.w3.org\/2000\/svg\"><path d=\"M416 208H272V64c0-17.67-14.33-32-32-32h-32c-17.67 0-32 14.33-32 32v144H32c-17.67 0-32 14.33-32 32v32c0 17.67 14.33 32 32 32h144v144c0 17.67 14.33 32 32 32h32c17.67 0 32-14.33 32-32V304h144c17.67 0 32-14.33 32-32v-32c0-17.67-14.33-32-32-32z\"><\/path><\/svg><\/span>\n\t\t\t\t\t\t\t\t<span class=\"elementor-accordion-icon-opened\"><svg class=\"e-font-icon-svg e-fas-minus\" viewBox=\"0 0 448 512\" xmlns=\"http:\/\/www.w3.org\/2000\/svg\"><path d=\"M416 208H32c-17.67 0-32 14.33-32 32v32c0 17.67 14.33 32 32 32h384c17.67 0 32-14.33 32-32v-32c0-17.67-14.33-32-32-32z\"><\/path><\/svg><\/span>\n\t\t\t\t\t\t\t\t\t\t\t\t\t\t<\/span>\n\t\t\t\t\t\t\t\t\t\t\t\t<a class=\"elementor-accordion-title\" tabindex=\"0\">Koltuk alt\u0131 kararmas\u0131 i\u00e7in hangi doktora gidilir? <\/a>\n\t\t\t\t\t<\/div>\n\t\t\t\t\t<div id=\"elementor-tab-content-4262\" class=\"elementor-tab-content elementor-clearfix\" data-tab=\"2\" role=\"region\" aria-labelledby=\"elementor-tab-title-4262\"><p><span class=\"TextRun SCXW166054380 BCX0\" lang=\"TR-TR\" xml:lang=\"TR-TR\" data-contrast=\"auto\"><span class=\"NormalTextRun SCXW166054380 BCX0\">Bir <\/span><\/span><span class=\"TextRun SCXW166054380 BCX0\" lang=\"TR-TR\" xml:lang=\"TR-TR\" data-contrast=\"auto\"><span class=\"SpellingError SCXW166054380 BCX0\">dermatologa<\/span><\/span><span class=\"TextRun SCXW166054380 BCX0\" lang=\"TR-TR\" xml:lang=\"TR-TR\" data-contrast=\"auto\"><span class=\"NormalTextRun SCXW166054380 BCX0\"> (cilt hastal\u0131klar\u0131 uzman\u0131na) ba\u015fvurman\u0131z \u00f6nerilir. Dermatolog, ciltteki renk de\u011fi\u015fikli\u011finin nedenini belirlemek i\u00e7in gerekli muayeneyi yapacak ve size uygun tedavi se\u00e7eneklerini sunacakt\u0131r.<\/span><\/span><\/p><\/div>\n\t\t\t\t<\/div>\n\t\t\t\t\t\t\t<div class=\"elementor-accordion-item\">\n\t\t\t\t\t<div id=\"elementor-tab-title-4263\" class=\"elementor-tab-title\" data-tab=\"3\" role=\"button\" aria-controls=\"elementor-tab-content-4263\" aria-expanded=\"false\">\n\t\t\t\t\t\t\t\t\t\t\t\t\t<span class=\"elementor-accordion-icon elementor-accordion-icon-left\" aria-hidden=\"true\">\n\t\t\t\t\t\t\t\t\t\t\t\t\t\t\t<span class=\"elementor-accordion-icon-closed\"><svg class=\"e-font-icon-svg e-fas-plus\" viewBox=\"0 0 448 512\" xmlns=\"http:\/\/www.w3.org\/2000\/svg\"><path d=\"M416 208H272V64c0-17.67-14.33-32-32-32h-32c-17.67 0-32 14.33-32 32v144H32c-17.67 0-32 14.33-32 32v32c0 17.67 14.33 32 32 32h144v144c0 17.67 14.33 32 32 32h32c17.67 0 32-14.33 32-32V304h144c17.67 0 32-14.33 32-32v-32c0-17.67-14.33-32-32-32z\"><\/path><\/svg><\/span>\n\t\t\t\t\t\t\t\t<span class=\"elementor-accordion-icon-opened\"><svg class=\"e-font-icon-svg e-fas-minus\" viewBox=\"0 0 448 512\" xmlns=\"http:\/\/www.w3.org\/2000\/svg\"><path d=\"M416 208H32c-17.67 0-32 14.33-32 32v32c0 17.67 14.33 32 32 32h384c17.67 0 32-14.33 32-32v-32c0-17.67-14.33-32-32-32z\"><\/path><\/svg><\/span>\n\t\t\t\t\t\t\t\t\t\t\t\t\t\t<\/span>\n\t\t\t\t\t\t\t\t\t\t\t\t<a class=\"elementor-accordion-title\" tabindex=\"0\">Koltuk alt\u0131 kararmas\u0131 ne zaman ge\u00e7er? <\/a>\n\t\t\t\t\t<\/div>\n\t\t\t\t\t<div id=\"elementor-tab-content-4263\" class=\"elementor-tab-content elementor-clearfix\" data-tab=\"3\" role=\"region\" aria-labelledby=\"elementor-tab-title-4263\"><p><span class=\"TextRun SCXW233518358 BCX0\" lang=\"TR-TR\" xml:lang=\"TR-TR\" data-contrast=\"auto\"><span class=\"NormalTextRun SCXW233518358 BCX0\">Kararman\u0131n ne zaman ge\u00e7ece\u011fi, nedene ve uygulanan tedaviye ba\u011fl\u0131 olarak de\u011fi\u015fir. Hafif vakalarda, evde uygulanan do\u011fal y\u00f6ntemler veya re\u00e7etesiz kremlerle birka\u00e7 hafta i\u00e7inde iyile\u015fme g\u00f6r\u00fclebilir. Ancak, daha ciddi veya <\/span><span class=\"SpellingError SCXW233518358 BCX0\">hormonal<\/span><span class=\"NormalTextRun SCXW233518358 BCX0\"> de\u011fi\u015fikliklere ba\u011fl\u0131 durumlarda, tedavi s\u00fcreci daha uzun s\u00fcrebilir. T\u0131bbi tedaviler genellikle daha h\u0131zl\u0131 sonu\u00e7 verir, ancak tedavi s\u00fcresi ve etkinli\u011fi ki\u015fiden ki\u015fiye farkl\u0131l\u0131k g\u00f6sterebilir.<\/span><\/span><span class=\"EOP SCXW233518358 BCX0\" data-ccp-props=\"{&quot;134233117&quot;:false,&quot;134233118&quot;:false,&quot;201341983&quot;:0,&quot;335559738&quot;:240,&quot;335559739&quot;:240,&quot;335559740&quot;:279}\">\u00a0<\/span><\/p><\/div>\n\t\t\t\t<\/div>\n\t\t\t\t\t\t\t<div class=\"elementor-accordion-item\">\n\t\t\t\t\t<div id=\"elementor-tab-title-4264\" class=\"elementor-tab-title\" data-tab=\"4\" role=\"button\" aria-controls=\"elementor-tab-content-4264\" aria-expanded=\"false\">\n\t\t\t\t\t\t\t\t\t\t\t\t\t<span class=\"elementor-accordion-icon elementor-accordion-icon-left\" aria-hidden=\"true\">\n\t\t\t\t\t\t\t\t\t\t\t\t\t\t\t<span class=\"elementor-accordion-icon-closed\"><svg class=\"e-font-icon-svg e-fas-plus\" viewBox=\"0 0 448 512\" xmlns=\"http:\/\/www.w3.org\/2000\/svg\"><path d=\"M416 208H272V64c0-17.67-14.33-32-32-32h-32c-17.67 0-32 14.33-32 32v144H32c-17.67 0-32 14.33-32 32v32c0 17.67 14.33 32 32 32h144v144c0 17.67 14.33 32 32 32h32c17.67 0 32-14.33 32-32V304h144c17.67 0 32-14.33 32-32v-32c0-17.67-14.33-32-32-32z\"><\/path><\/svg><\/span>\n\t\t\t\t\t\t\t\t<span class=\"elementor-accordion-icon-opened\"><svg class=\"e-font-icon-svg e-fas-minus\" viewBox=\"0 0 448 512\" xmlns=\"http:\/\/www.w3.org\/2000\/svg\"><path d=\"M416 208H32c-17.67 0-32 14.33-32 32v32c0 17.67 14.33 32 32 32h384c17.67 0 32-14.33 32-32v-32c0-17.67-14.33-32-32-32z\"><\/path><\/svg><\/span>\n\t\t\t\t\t\t\t\t\t\t\t\t\t\t<\/span>\n\t\t\t\t\t\t\t\t\t\t\t\t<a class=\"elementor-accordion-title\" tabindex=\"0\">Koltuk alt\u0131 kararmas\u0131 kanser belirtisi midir? <\/a>\n\t\t\t\t\t<\/div>\n\t\t\t\t\t<div id=\"elementor-tab-content-4264\" class=\"elementor-tab-content elementor-clearfix\" data-tab=\"4\" role=\"region\" aria-labelledby=\"elementor-tab-title-4264\"><p><span class=\"TextRun SCXW144503263 BCX0\" lang=\"TR-TR\" xml:lang=\"TR-TR\" data-contrast=\"auto\"><span class=\"NormalTextRun SCXW144503263 BCX0\">Bu rahats\u0131zl\u0131k, genellikle iyi huylu bir durumdur ve kanserle do\u011frudan ili\u015fkili de\u011fildir. Ancak; nadiren de olsa, baz\u0131 kanser t\u00fcrleri ciltte renk de\u011fi\u015fikliklerine neden olabilir. \u00d6zellikle ani ba\u015flayan, h\u0131zla b\u00fcy\u00fcyen veya a\u011fr\u0131l\u0131 bir kararma fark ederseniz, vakit kaybetmeden bir doktora ba\u015fvurman\u0131z \u00f6nemlidir.<\/span><\/span><span class=\"EOP SCXW144503263 BCX0\" data-ccp-props=\"{&quot;134233117&quot;:false,&quot;134233118&quot;:false,&quot;201341983&quot;:0,&quot;335551550&quot;:1,&quot;335551620&quot;:1,&quot;335559685&quot;:0,&quot;335559737&quot;:0,&quot;335559738&quot;:240,&quot;335559739&quot;:240,&quot;335559740&quot;:279}\">\u00a0<\/span><\/p><\/div>\n\t\t\t\t<\/div>\n\t\t\t\t\t\t\t\t<\/div>\n\t\t\t\t\t\t<\/div>\n\t\t\t\t\t<\/div>\n\t\t<\/div>\n\t\t\t\t\t<\/div>\n\t\t<\/section>\n\t\t\t\t<\/div>\n\t\t","protected":false},"excerpt":{"rendered":"<p>Koltuk alt\u0131 kararmas\u0131, bir\u00e7ok insan\u0131n kar\u015f\u0131la\u015ft\u0131\u011f\u0131 ve \u00f6zg\u00fcvenlerini etkileyebilen yayg\u0131n bir cilt sorunudur. \u00d6zellikle yaz aylar\u0131nda, a\u00e7\u0131k renkli k\u0131yafetler giymeyi zorla\u015ft\u0131rabilir ve sosyal ortamlarda rahats\u0131zl\u0131k hissettirebilir. Neyse ki, alt\u0131nda yatan nedenler anla\u015f\u0131ld\u0131\u011f\u0131nda ve uygun \u00f6nlemler al\u0131nd\u0131\u011f\u0131nda, bu sorunla ba\u015fa \u00e7\u0131kmak m\u00fcmk\u00fcnd\u00fcr.\u00a0 Bu yaz\u0131m\u0131zda, koltuk alt\u0131 kararmas\u0131n\u0131n nedenlerini, t\u0131bbi ve do\u011fal\u00a0koltuk alt\u0131 beyazlatma\u00a0y\u00f6ntemlerini ve en \u00f6nemlisi, [&hellip;]<\/p>\n","protected":false},"author":1,"featured_media":12626,"comment_status":"closed","ping_status":"closed","sticky":false,"template":"","format":"standard","meta":{"_joinchat":[],"footnotes":""},"categories":[12,14],"tags":[],"class_list":["post-12625","post","type-post","status-publish","format-standard","has-post-thumbnail","hentry","category-estetige-dair-her-sey","category-saglikli-yasam"],"_links":{"self":[{"href":"https:\/\/medlook.com.tr\/fr\/wp-json\/wp\/v2\/posts\/12625","targetHints":{"allow":["GET"]}}],"collection":[{"href":"https:\/\/medlook.com.tr\/fr\/wp-json\/wp\/v2\/posts"}],"about":[{"href":"https:\/\/medlook.com.tr\/fr\/wp-json\/wp\/v2\/types\/post"}],"author":[{"embeddable":true,"href":"https:\/\/medlook.com.tr\/fr\/wp-json\/wp\/v2\/users\/1"}],"replies":[{"embeddable":true,"href":"https:\/\/medlook.com.tr\/fr\/wp-json\/wp\/v2\/comments?post=12625"}],"version-history":[{"count":0,"href":"https:\/\/medlook.com.tr\/fr\/wp-json\/wp\/v2\/posts\/12625\/revisions"}],"wp:featuredmedia":[{"embeddable":true,"href":"https:\/\/medlook.com.tr\/fr\/wp-json\/wp\/v2\/media\/12626"}],"wp:attachment":[{"href":"https:\/\/medlook.com.tr\/fr\/wp-json\/wp\/v2\/media?parent=12625"}],"wp:term":[{"taxonomy":"category","embeddable":true,"href":"https:\/\/medlook.com.tr\/fr\/wp-json\/wp\/v2\/categories?post=12625"},{"taxonomy":"post_tag","embeddable":true,"href":"https:\/\/medlook.com.tr\/fr\/wp-json\/wp\/v2\/tags?post=12625"}],"curies":[{"name":"wp","href":"https:\/\/api.w.org\/{rel}","templated":true}]}}